{"id":223522,"date":"2025-07-04T20:33:26","date_gmt":"2025-07-05T03:33:26","guid":{"rendered":"https:\/\/rnoticias.com.mx\/Portal\/?p=223522"},"modified":"2025-07-04T20:33:26","modified_gmt":"2025-07-05T03:33:26","slug":"aumentaran-las-temperaturas-en-sonora-este-fin-de-semana-conagua","status":"publish","type":"post","link":"https:\/\/rnoticias.com.mx\/Portal\/2025\/07\/04\/aumentaran-las-temperaturas-en-sonora-este-fin-de-semana-conagua\/","title":{"rendered":"Aumentar\u00e1n las temperaturas en Sonora este fin de semana: Conagua"},"content":{"rendered":"<div data-olk-copy-source=\"MessageBody\">A partir de este s\u00e1bado en Sonora se comenzar\u00e1 a sentir un incremento en los valores de las temperaturas e igualmente se dar\u00e1 una disminuci\u00f3n en la cobertura de lluvias, inform\u00f3 la Comisi\u00f3n Nacional del Agua en Sonora.<\/div>\n<div aria-hidden=\"true\"><\/div>\n<div>Gilberto Lagarda V\u00e1zquez, meteor\u00f3logo de la Comisi\u00f3n Nacional del Agua en Sonora, detall\u00f3 que el pron\u00f3stico meteorol\u00f3gico muestra que debido a una circulaci\u00f3n anticicl\u00f3nica se posicione sobre la entidad es lo que va a generar esos aumentos en las temperaturas.<\/div>\n<div><\/div>\n<div>\u201cEsto va a generar adem\u00e1s de un aumento importante de las temperaturas una baja en las precipitaciones, las cuales se van a concentrar solamente en el oriente y sur del estado, de un 30 a un 40 por ciento de que se presenten lluvias ligeras en esa regi\u00f3n\u201d, explic\u00f3.<\/div>\n<div aria-hidden=\"true\"><\/div>\n<div>Abund\u00f3, que para el lunes de la siguiente semana, ese sistema estar\u00e1 abandonando Sonora y ello ayudar\u00e1 para que se vuelvan a presentar lluvias m\u00e1s copiosas as\u00ed como una disminuci\u00f3n gradual de las temperaturas.<\/div>\n<div aria-hidden=\"true\"><\/div>\n<div>Para este fin de semana, indic\u00f3 que ciudades que presentar\u00e1n las temperaturas m\u00e1s elevadas ser\u00e1n: Sonoyta con 42 grados, luego San Luis R\u00edo Colorado, Caborca, Cajeme y Arizpe con 43 grados y Hermosillo con 44 grados cent\u00edgrados.<\/div>\n","protected":false},"excerpt":{"rendered":"<p>A partir de este s\u00e1bado en Sonora se comenzar\u00e1 a sentir un incremento en los valores de las temperaturas e igualmente se dar\u00e1 una disminuci\u00f3n en la cobertura de lluvias, inform\u00f3 la Comisi\u00f3n Nacional del Agua en Sonora. Gilberto Lagarda V\u00e1zquez, meteor\u00f3logo de la Comisi\u00f3n Nacional del Agua en Sonora, detall\u00f3 que el pron\u00f3stico meteorol\u00f3gico [&hellip;]<\/p>\n","protected":false},"author":2,"featured_media":223523,"comment_status":"closed","ping_status":"closed","sticky":false,"template":"","format":"standard","meta":{"footnotes":""},"categories":[12870,178],"tags":[12865,12869],"class_list":["post-223522","post","type-post","status-publish","format-standard","has-post-thumbnail","hentry","category-destacadas","category-local","tag-destacadas","tag-local"],"jetpack_featured_media_url":"https:\/\/rnoticias.com.mx\/Portal\/wp-content\/uploads\/2025\/07\/snapshot.webp","amp_enabled":true,"_links":{"self":[{"href":"https:\/\/rnoticias.com.mx\/Portal\/wp-json\/wp\/v2\/posts\/223522","targetHints":{"allow":["GET"]}}],"collection":[{"href":"https:\/\/rnoticias.com.mx\/Portal\/wp-json\/wp\/v2\/posts"}],"about":[{"href":"https:\/\/rnoticias.com.mx\/Portal\/wp-json\/wp\/v2\/types\/post"}],"author":[{"embeddable":true,"href":"https:\/\/rnoticias.com.mx\/Portal\/wp-json\/wp\/v2\/users\/2"}],"replies":[{"embeddable":true,"href":"https:\/\/rnoticias.com.mx\/Portal\/wp-json\/wp\/v2\/comments?post=223522"}],"version-history":[{"count":1,"href":"https:\/\/rnoticias.com.mx\/Portal\/wp-json\/wp\/v2\/posts\/223522\/revisions"}],"predecessor-version":[{"id":223524,"href":"https:\/\/rnoticias.com.mx\/Portal\/wp-json\/wp\/v2\/posts\/223522\/revisions\/223524"}],"wp:featuredmedia":[{"embeddable":true,"href":"https:\/\/rnoticias.com.mx\/Portal\/wp-json\/wp\/v2\/media\/223523"}],"wp:attachment":[{"href":"https:\/\/rnoticias.com.mx\/Portal\/wp-json\/wp\/v2\/media?parent=223522"}],"wp:term":[{"taxonomy":"category","embeddable":true,"href":"https:\/\/rnoticias.com.mx\/Portal\/wp-json\/wp\/v2\/categories?post=223522"},{"taxonomy":"post_tag","embeddable":true,"href":"https:\/\/rnoticias.com.mx\/Portal\/wp-json\/wp\/v2\/tags?post=223522"}],"curies":[{"name":"wp","href":"https:\/\/api.w.org\/{rel}","templated":true}]}}