{"id":223513,"date":"2025-07-04T20:22:18","date_gmt":"2025-07-05T03:22:18","guid":{"rendered":"https:\/\/rnoticias.com.mx\/Portal\/?p=223513"},"modified":"2025-07-04T20:22:18","modified_gmt":"2025-07-05T03:22:18","slug":"reapertura-de-frontera-representa-un-respiro-para-ganaderos-de-agua-prieta-agl","status":"publish","type":"post","link":"https:\/\/rnoticias.com.mx\/Portal\/2025\/07\/04\/reapertura-de-frontera-representa-un-respiro-para-ganaderos-de-agua-prieta-agl\/","title":{"rendered":"Reapertura de frontera representa un respiro para ganaderos de Agua Prieta: AGL"},"content":{"rendered":"<div data-olk-copy-source=\"MessageBody\">La reapertura de la frontera a partir del pr\u00f3ximo lunes representa un alivio para los ganaderos de la regi\u00f3n, quienes se han visto severamente afectados por el cierre del cruce y las condiciones de sequ\u00eda que han persistido durante los \u00faltimos dos a\u00f1os.<\/div>\n<div aria-hidden=\"true\"><\/div>\n<div>Rodolfo S\u00e1nchez Robles, presidente de la Asociaci\u00f3n Ganadera Local (AGL) de Agua Prieta, explic\u00f3 que uno de los principales impactos del cierre fue la ca\u00edda en los precios del ganado, lo que desincentiv\u00f3 las ventas, particularmente de becerros y vacas de desecho.<\/div>\n<div aria-hidden=\"true\"><\/div>\n<div><\/div>\n<div>\u201cPues para nosotros los ganaderos de aqu\u00ed de la regi\u00f3n es un respiro,\u00a0es un respiro, traemos encima lo que es\u00a0la sequ\u00eda, dos a\u00f1os de sequ\u00eda\u00a0y a nosotros la cuesti\u00f3n del cierre de frontera\u00a0no nos afectan m\u00e1s que nada en la cuesti\u00f3n de los precios del ganado\u201d, coment\u00f3.<\/div>\n<div aria-hidden=\"true\"><\/div>\n<div>Explic\u00f3, que antes del cierre, se realizaban alrededor de tres cruces mensuales con hasta mil 500 cabezas de ganado, pero la cifra se redujo a 500 animales, pero ahora con la reapertura, se espera alcanzar nuevamente los niveles previos.<\/div>\n<div aria-hidden=\"true\"><\/div>\n<div>Por \u00faltimo, S\u00e1nchez Robles reiter\u00f3 que esta reapertura brinda esperanza a los productores y asi poder recuperarse de meses de no haber podido exportar miles de cabezas de ganado hacia el mercado norteamericano.<\/div>\n","protected":false},"excerpt":{"rendered":"<p>La reapertura de la frontera a partir del pr\u00f3ximo lunes representa un alivio para los ganaderos de la regi\u00f3n, quienes se han visto severamente afectados por el cierre del cruce y las condiciones de sequ\u00eda que han persistido durante los \u00faltimos dos a\u00f1os. Rodolfo S\u00e1nchez Robles, presidente de la Asociaci\u00f3n Ganadera Local (AGL) de Agua [&hellip;]<\/p>\n","protected":false},"author":2,"featured_media":223514,"comment_status":"closed","ping_status":"closed","sticky":false,"template":"","format":"standard","meta":{"footnotes":""},"categories":[12870,174],"tags":[12865,12873],"class_list":["post-223513","post","type-post","status-publish","format-standard","has-post-thumbnail","hentry","category-destacadas","category-estatal","tag-destacadas","tag-estatal"],"jetpack_featured_media_url":"https:\/\/rnoticias.com.mx\/Portal\/wp-content\/uploads\/2025\/07\/1-22-696x464-1.jpg","amp_enabled":true,"_links":{"self":[{"href":"https:\/\/rnoticias.com.mx\/Portal\/wp-json\/wp\/v2\/posts\/223513","targetHints":{"allow":["GET"]}}],"collection":[{"href":"https:\/\/rnoticias.com.mx\/Portal\/wp-json\/wp\/v2\/posts"}],"about":[{"href":"https:\/\/rnoticias.com.mx\/Portal\/wp-json\/wp\/v2\/types\/post"}],"author":[{"embeddable":true,"href":"https:\/\/rnoticias.com.mx\/Portal\/wp-json\/wp\/v2\/users\/2"}],"replies":[{"embeddable":true,"href":"https:\/\/rnoticias.com.mx\/Portal\/wp-json\/wp\/v2\/comments?post=223513"}],"version-history":[{"count":1,"href":"https:\/\/rnoticias.com.mx\/Portal\/wp-json\/wp\/v2\/posts\/223513\/revisions"}],"predecessor-version":[{"id":223515,"href":"https:\/\/rnoticias.com.mx\/Portal\/wp-json\/wp\/v2\/posts\/223513\/revisions\/223515"}],"wp:featuredmedia":[{"embeddable":true,"href":"https:\/\/rnoticias.com.mx\/Portal\/wp-json\/wp\/v2\/media\/223514"}],"wp:attachment":[{"href":"https:\/\/rnoticias.com.mx\/Portal\/wp-json\/wp\/v2\/media?parent=223513"}],"wp:term":[{"taxonomy":"category","embeddable":true,"href":"https:\/\/rnoticias.com.mx\/Portal\/wp-json\/wp\/v2\/categories?post=223513"},{"taxonomy":"post_tag","embeddable":true,"href":"https:\/\/rnoticias.com.mx\/Portal\/wp-json\/wp\/v2\/tags?post=223513"}],"curies":[{"name":"wp","href":"https:\/\/api.w.org\/{rel}","templated":true}]}}