{"id":223510,"date":"2025-07-04T20:21:03","date_gmt":"2025-07-05T03:21:03","guid":{"rendered":"https:\/\/rnoticias.com.mx\/Portal\/?p=223510"},"modified":"2025-07-04T20:21:03","modified_gmt":"2025-07-05T03:21:03","slug":"urgen-mejoras-a-cfe-ante-fallas-electricas-por-altas-temperaturas-en-sonora","status":"publish","type":"post","link":"https:\/\/rnoticias.com.mx\/Portal\/2025\/07\/04\/urgen-mejoras-a-cfe-ante-fallas-electricas-por-altas-temperaturas-en-sonora\/","title":{"rendered":"Urgen mejoras a CFE ante fallas el\u00e9ctricas por altas temperaturas en Sonora"},"content":{"rendered":"<div data-olk-copy-source=\"MessageBody\">Las constantes fallas en el suministro el\u00e9ctrico durante esta temporada de calor han generado afectaciones severas a miles de familias y negocios en Hermosillo y otras regiones de Sonora.<\/div>\n<div aria-hidden=\"true\"><\/div>\n<div>El presidente del Consejo Nacional de Cl\u00fasteres Energ\u00e9ticos, ingeniero Luis Carlos Peralta Pe\u00f1\u00fa\u00f1uri, inform\u00f3 que han demandado una respuesta m\u00e1s eficaz y sensible por parte de la Comisi\u00f3n Federal de Electricidad (CFE), subrayando que estas condiciones no solo afectan la calidad de vida, sino tambi\u00e9n la actividad econ\u00f3mica de la regi\u00f3n.<\/div>\n<div aria-hidden=\"true\"><\/div>\n<div><\/div>\n<div>\u201cNo es posible que CFE todos los a\u00f1os sabe que esto ocurre,\u00a0tienen estad\u00edsticas por d\u00eda, por mes, por horario, inclusive en relaci\u00f3n al\u00a0incremento de temperaturas y no lleven a cabo los mantenimientos preventivos\u00a0correctos de manera adecuada en tiempo y forma previo a las temporadas de calor.\u00a0Y luego, cuando se presentan los problemas ahorita,\u00a0pedimos mayor sensibilidad a los directivos de CFE\u201d, asever\u00f3.<\/div>\n<div aria-hidden=\"true\"><\/div>\n<div>Tambi\u00e9n mencion\u00f3, se ha urgido a Comisi\u00f3n Federal de Electricidad, para reforzar su personal de atenci\u00f3n al cliente y mejorar la comunicaci\u00f3n con la sociedad, brindando reportes diarios sobre las fallas, causas y acciones para solucionarlas.<\/div>\n<div aria-hidden=\"true\"><\/div>\n<div>Asimismo, denunci\u00f3 que empresas locales han reportado cortes de energ\u00eda sin previo aviso, supuestamente por aumentar su consumo respecto al a\u00f1o anterior.<\/div>\n","protected":false},"excerpt":{"rendered":"<p>Las constantes fallas en el suministro el\u00e9ctrico durante esta temporada de calor han generado afectaciones severas a miles de familias y negocios en Hermosillo y otras regiones de Sonora. El presidente del Consejo Nacional de Cl\u00fasteres Energ\u00e9ticos, ingeniero Luis Carlos Peralta Pe\u00f1\u00fa\u00f1uri, inform\u00f3 que han demandado una respuesta m\u00e1s eficaz y sensible por parte de [&hellip;]<\/p>\n","protected":false},"author":2,"featured_media":223511,"comment_status":"closed","ping_status":"closed","sticky":false,"template":"","format":"standard","meta":{"footnotes":""},"categories":[12870,178],"tags":[12865,12869],"class_list":["post-223510","post","type-post","status-publish","format-standard","has-post-thumbnail","hentry","category-destacadas","category-local","tag-destacadas","tag-local"],"jetpack_featured_media_url":"https:\/\/rnoticias.com.mx\/Portal\/wp-content\/uploads\/2025\/07\/apagones-en-mexico.jpg","amp_enabled":true,"_links":{"self":[{"href":"https:\/\/rnoticias.com.mx\/Portal\/wp-json\/wp\/v2\/posts\/223510","targetHints":{"allow":["GET"]}}],"collection":[{"href":"https:\/\/rnoticias.com.mx\/Portal\/wp-json\/wp\/v2\/posts"}],"about":[{"href":"https:\/\/rnoticias.com.mx\/Portal\/wp-json\/wp\/v2\/types\/post"}],"author":[{"embeddable":true,"href":"https:\/\/rnoticias.com.mx\/Portal\/wp-json\/wp\/v2\/users\/2"}],"replies":[{"embeddable":true,"href":"https:\/\/rnoticias.com.mx\/Portal\/wp-json\/wp\/v2\/comments?post=223510"}],"version-history":[{"count":1,"href":"https:\/\/rnoticias.com.mx\/Portal\/wp-json\/wp\/v2\/posts\/223510\/revisions"}],"predecessor-version":[{"id":223512,"href":"https:\/\/rnoticias.com.mx\/Portal\/wp-json\/wp\/v2\/posts\/223510\/revisions\/223512"}],"wp:featuredmedia":[{"embeddable":true,"href":"https:\/\/rnoticias.com.mx\/Portal\/wp-json\/wp\/v2\/media\/223511"}],"wp:attachment":[{"href":"https:\/\/rnoticias.com.mx\/Portal\/wp-json\/wp\/v2\/media?parent=223510"}],"wp:term":[{"taxonomy":"category","embeddable":true,"href":"https:\/\/rnoticias.com.mx\/Portal\/wp-json\/wp\/v2\/categories?post=223510"},{"taxonomy":"post_tag","embeddable":true,"href":"https:\/\/rnoticias.com.mx\/Portal\/wp-json\/wp\/v2\/tags?post=223510"}],"curies":[{"name":"wp","href":"https:\/\/api.w.org\/{rel}","templated":true}]}}