{"id":223507,"date":"2025-07-04T13:58:20","date_gmt":"2025-07-04T20:58:20","guid":{"rendered":"https:\/\/rnoticias.com.mx\/Portal\/?p=223507"},"modified":"2025-07-04T13:58:20","modified_gmt":"2025-07-04T20:58:20","slug":"gobierno-de-sonora-logra-liquidacion-total-del-incendio-forestal-en-la-sierra-los-ajos","status":"publish","type":"post","link":"https:\/\/rnoticias.com.mx\/Portal\/2025\/07\/04\/gobierno-de-sonora-logra-liquidacion-total-del-incendio-forestal-en-la-sierra-los-ajos\/","title":{"rendered":"Gobierno de Sonora logra liquidaci\u00f3n total del incendio forestal en la Sierra Los Ajos"},"content":{"rendered":"<p>Hermosillo, Sonora; 4 de julio de 2025.- El Gobierno de Sonora, a trav\u00e9s de la Coordinaci\u00f3n Estatal de Protecci\u00f3n Civil (CEPC), y en coordinaci\u00f3n con los tres niveles de gobierno, logr\u00f3 el control total del incendio forestal en la Sierra Los Ajos.<\/p>\n<p>Este d\u00eda se alcanz\u00f3 el 100 por ciento de control y liquidaci\u00f3n del incendio, que afect\u00f3 10 mil 670 hect\u00e1reas y que inici\u00f3 el pasado 19 de junio.<\/p>\n<p>Armando Casta\u00f1eda S\u00e1nchez, coordinador estatal de Protecci\u00f3n Civil en Sonora, destac\u00f3 que gracias al trabajo coordinado de los tres niveles de gobierno, se ha logrado controlar y liquidar los incendios forestales en este 2025 en la mitad del tiempo que se requer\u00eda, en promedio, hace tres a\u00f1os.<\/p>\n<p>Aplaudi\u00f3 el gran esfuerzo de todos los brigadistas en Sonora, algunos de los cuales tienen hasta cuatro meses sin regresar a sus hogares, pues desde febrero han estado atendiendo los incendios forestales en la regi\u00f3n serrana, evitando que estos siniestros afecten n\u00facleos poblacionales y previniendo decesos tanto de poblaci\u00f3n civil como de brigadistas.<\/p>\n<p>Destac\u00f3 el trabajo de la Comisi\u00f3n Nacional Forestal (Conafor), la Comisi\u00f3n Nacional de \u00c1reas Naturales Protegidas (Conanp), la Secretar\u00eda de la Defensa Nacional (Defensa), la Guardia Nacional, la Brigada Estatal de Manejo de Fuego de Sagarhpa y Protecci\u00f3n Civil Sonora, as\u00ed como de voluntarios y rancheros de distintas regiones, quienes se han coordinado con \u00e9xito para hacer frente a los incendios forestales.<\/p>\n<p>Tambi\u00e9n hizo un llamado a la poblaci\u00f3n a no arrojar colillas de cigarro en los costados de caminos y carreteras, evitar tirar basura o encender fogatas en entornos naturales, ya que estas acciones son algunas de las principales causas del inicio de los incendios forestales.<\/p>\n<p>De acuerdo con datos de las autoridades federales, el 90 por ciento de los incendios forestales en el pa\u00eds son provocados por actividades humanas en entornos naturales.<\/p>\n","protected":false},"excerpt":{"rendered":"<p>Hermosillo, Sonora; 4 de julio de 2025.- El Gobierno de Sonora, a trav\u00e9s de la Coordinaci\u00f3n Estatal de Protecci\u00f3n Civil (CEPC), y en coordinaci\u00f3n con los tres niveles de gobierno, logr\u00f3 el control total del incendio forestal en la Sierra Los Ajos. Este d\u00eda se alcanz\u00f3 el 100 por ciento de control y liquidaci\u00f3n del [&hellip;]<\/p>\n","protected":false},"author":2,"featured_media":223508,"comment_status":"closed","ping_status":"closed","sticky":false,"template":"","format":"standard","meta":{"footnotes":""},"categories":[12870,174],"tags":[12865,12873],"class_list":["post-223507","post","type-post","status-publish","format-standard","has-post-thumbnail","hentry","category-destacadas","category-estatal","tag-destacadas","tag-estatal"],"jetpack_featured_media_url":"https:\/\/rnoticias.com.mx\/Portal\/wp-content\/uploads\/2025\/07\/unnamed-1-6.jpg","amp_enabled":true,"_links":{"self":[{"href":"https:\/\/rnoticias.com.mx\/Portal\/wp-json\/wp\/v2\/posts\/223507","targetHints":{"allow":["GET"]}}],"collection":[{"href":"https:\/\/rnoticias.com.mx\/Portal\/wp-json\/wp\/v2\/posts"}],"about":[{"href":"https:\/\/rnoticias.com.mx\/Portal\/wp-json\/wp\/v2\/types\/post"}],"author":[{"embeddable":true,"href":"https:\/\/rnoticias.com.mx\/Portal\/wp-json\/wp\/v2\/users\/2"}],"replies":[{"embeddable":true,"href":"https:\/\/rnoticias.com.mx\/Portal\/wp-json\/wp\/v2\/comments?post=223507"}],"version-history":[{"count":1,"href":"https:\/\/rnoticias.com.mx\/Portal\/wp-json\/wp\/v2\/posts\/223507\/revisions"}],"predecessor-version":[{"id":223509,"href":"https:\/\/rnoticias.com.mx\/Portal\/wp-json\/wp\/v2\/posts\/223507\/revisions\/223509"}],"wp:featuredmedia":[{"embeddable":true,"href":"https:\/\/rnoticias.com.mx\/Portal\/wp-json\/wp\/v2\/media\/223508"}],"wp:attachment":[{"href":"https:\/\/rnoticias.com.mx\/Portal\/wp-json\/wp\/v2\/media?parent=223507"}],"wp:term":[{"taxonomy":"category","embeddable":true,"href":"https:\/\/rnoticias.com.mx\/Portal\/wp-json\/wp\/v2\/categories?post=223507"},{"taxonomy":"post_tag","embeddable":true,"href":"https:\/\/rnoticias.com.mx\/Portal\/wp-json\/wp\/v2\/tags?post=223507"}],"curies":[{"name":"wp","href":"https:\/\/api.w.org\/{rel}","templated":true}]}}