{"id":223488,"date":"2025-07-04T12:16:48","date_gmt":"2025-07-04T19:16:48","guid":{"rendered":"https:\/\/rnoticias.com.mx\/Portal\/?p=223488"},"modified":"2025-07-04T12:16:48","modified_gmt":"2025-07-04T19:16:48","slug":"participa-gobierno-de-sonora-en-encuentro-nacional-de-enlaces-multigrado-sec","status":"publish","type":"post","link":"https:\/\/rnoticias.com.mx\/Portal\/2025\/07\/04\/participa-gobierno-de-sonora-en-encuentro-nacional-de-enlaces-multigrado-sec\/","title":{"rendered":"Participa Gobierno de Sonora en Encuentro Nacional de Enlaces Multigrado: SEC"},"content":{"rendered":"<p>Ciudad de M\u00e9xico; 4 de julio de 2025.- Como parte del compromiso del gobernador Alfonso Durazo con los programas y las estrategias implementadas por el Gobierno de M\u00e9xico en beneficio de ni\u00f1as, ni\u00f1os y adolescentes, la Secretar\u00eda de Educaci\u00f3n y Cultura (SEC) particip\u00f3 en la Reuni\u00f3n Nacional de Enlaces de Escuelas Multigrado.<\/p>\n<p>Representantes de todas las entidades del pa\u00eds formaron parte de un espacio de di\u00e1logo y an\u00e1lisis para recuperar experiencias, desaf\u00edos y pr\u00e1cticas pedag\u00f3gicas de esta modalidad educativa, donde un maestro o maestra atiende a estudiantes de diferentes grados en la misma aula.<\/p>\n<p>El titular de la SEC, Froyl\u00e1n G\u00e1mez Gamboa, resalt\u00f3 los esfuerzos del Gobierno de Sonora para fortalecer el acceso a la educaci\u00f3n de todo el alumnado sonorense, especialmente de quienes habitan zonas rurales y en contextos de alta marginaci\u00f3n, que es donde principalmente operan las escuelas multigrado.<\/p>\n<p>Tania Dolores Campos Guti\u00e9rrez, directora de Telesecundaria; Betzy Milenne L\u00f3pez Aguilar, coordinadora acad\u00e9mica de la Direcci\u00f3n General de Educaci\u00f3n Elemental; y Mar\u00eda Jos\u00e9 Montoya Rodr\u00edguez, coordinadora acad\u00e9mica de la Direcci\u00f3n General de Inclusi\u00f3n y Promoci\u00f3n al Desarrollo Educativo, conformaron el equipo que represent\u00f3 a la SEC.<\/p>\n<p>Durante el encuentro se instalaron mesas de trabajo para analizar los retos, aportes y perspectivas en las escuelas multigrado, as\u00ed como el uso de materiales did\u00e1cticos, acceso a las Tecnolog\u00edas de la Informaci\u00f3n y Comunicaci\u00f3n, formaci\u00f3n docente multigrado y su vinculaci\u00f3n con la NEM, entre otros temas.<\/p>\n","protected":false},"excerpt":{"rendered":"<p>Ciudad de M\u00e9xico; 4 de julio de 2025.- Como parte del compromiso del gobernador Alfonso Durazo con los programas y las estrategias implementadas por el Gobierno de M\u00e9xico en beneficio de ni\u00f1as, ni\u00f1os y adolescentes, la Secretar\u00eda de Educaci\u00f3n y Cultura (SEC) particip\u00f3 en la Reuni\u00f3n Nacional de Enlaces de Escuelas Multigrado. Representantes de todas [&hellip;]<\/p>\n","protected":false},"author":2,"featured_media":223489,"comment_status":"closed","ping_status":"closed","sticky":false,"template":"","format":"standard","meta":{"footnotes":""},"categories":[12870,178],"tags":[12865,12869],"class_list":["post-223488","post","type-post","status-publish","format-standard","has-post-thumbnail","hentry","category-destacadas","category-local","tag-destacadas","tag-local"],"jetpack_featured_media_url":"https:\/\/rnoticias.com.mx\/Portal\/wp-content\/uploads\/2025\/07\/unnamed-19-1.jpg","amp_enabled":true,"_links":{"self":[{"href":"https:\/\/rnoticias.com.mx\/Portal\/wp-json\/wp\/v2\/posts\/223488","targetHints":{"allow":["GET"]}}],"collection":[{"href":"https:\/\/rnoticias.com.mx\/Portal\/wp-json\/wp\/v2\/posts"}],"about":[{"href":"https:\/\/rnoticias.com.mx\/Portal\/wp-json\/wp\/v2\/types\/post"}],"author":[{"embeddable":true,"href":"https:\/\/rnoticias.com.mx\/Portal\/wp-json\/wp\/v2\/users\/2"}],"replies":[{"embeddable":true,"href":"https:\/\/rnoticias.com.mx\/Portal\/wp-json\/wp\/v2\/comments?post=223488"}],"version-history":[{"count":1,"href":"https:\/\/rnoticias.com.mx\/Portal\/wp-json\/wp\/v2\/posts\/223488\/revisions"}],"predecessor-version":[{"id":223490,"href":"https:\/\/rnoticias.com.mx\/Portal\/wp-json\/wp\/v2\/posts\/223488\/revisions\/223490"}],"wp:featuredmedia":[{"embeddable":true,"href":"https:\/\/rnoticias.com.mx\/Portal\/wp-json\/wp\/v2\/media\/223489"}],"wp:attachment":[{"href":"https:\/\/rnoticias.com.mx\/Portal\/wp-json\/wp\/v2\/media?parent=223488"}],"wp:term":[{"taxonomy":"category","embeddable":true,"href":"https:\/\/rnoticias.com.mx\/Portal\/wp-json\/wp\/v2\/categories?post=223488"},{"taxonomy":"post_tag","embeddable":true,"href":"https:\/\/rnoticias.com.mx\/Portal\/wp-json\/wp\/v2\/tags?post=223488"}],"curies":[{"name":"wp","href":"https:\/\/api.w.org\/{rel}","templated":true}]}}