{"id":223485,"date":"2025-07-04T10:41:05","date_gmt":"2025-07-04T17:41:05","guid":{"rendered":"https:\/\/rnoticias.com.mx\/Portal\/?p=223485"},"modified":"2025-07-04T10:41:05","modified_gmt":"2025-07-04T17:41:05","slug":"sheinbaum-reacciona-a-detencion-de-hijo-de-julio-cesar-chavez-en-eu-no-tenia-conocimiento","status":"publish","type":"post","link":"https:\/\/rnoticias.com.mx\/Portal\/2025\/07\/04\/sheinbaum-reacciona-a-detencion-de-hijo-de-julio-cesar-chavez-en-eu-no-tenia-conocimiento\/","title":{"rendered":"Sheinbaum reacciona a detenci\u00f3n de hijo de Julio C\u00e9sar Ch\u00e1vez en EU: &#8220;No ten\u00eda conocimiento&#8221;"},"content":{"rendered":"<p><strong>Ciudad de M\u00e9xico<\/strong>.- La primera presidenta de M\u00e9xico, la doctora\u00a0<strong>Claudia Sheinbaum Pardo<\/strong>, encabeza su tradicional conferencia &#8216;Ma\u00f1anera del Pueblo&#8217; desde el Sal\u00f3n de la Tesorer\u00eda del Palacio Nacional. Este\u00a0<strong>viernes 4 de julio de 2025<\/strong>, la mandataria mexicana habl\u00f3 sobre la detenci\u00f3n del boxeador mexicano\u00a0<b>Julio C\u00e9sar Ch\u00e1vez Jr.<\/b>, quien fue aprehendido en\u00a0<strong>Los \u00c1ngeles<\/strong>,\u00a0<strong>California<\/strong>, por presuntos delitos de\u00a0<strong>delincuencia organizada<\/strong>\u00a0vinculados al\u00a0<strong>C\u00e1rtel de Sinaloa<\/strong>.<\/p>\n<div class=\"content-banner\"><\/div>\n<p>Ante los medios de comunicaci\u00f3n reunidos este viernes, Sheinbaum Pardo se\u00f1al\u00f3 que ella &#8220;personalmente, no ten\u00eda conocimiento&#8221; sobre las\u00a0<strong>ordenes de aprehensi\u00f3n\u00a0<\/strong>que existen en contra del talento deportivo originario de\u00a0<strong>Culiac\u00e1n<\/strong>,\u00a0<strong>Sinaloa<\/strong>. Apunt\u00f3 que, en cuanto se enter\u00f3 se comunic\u00f3 con el\u00a0<strong>titular de la Fiscal\u00eda General de la Rep\u00fablica (FGR)<\/strong>,\u00a0<strong>Alejandro Gertz Manero<\/strong>,\u00a0quien le confirm\u00f3 que en M\u00e9xico el hijo de\u00a0<strong>Julio C\u00e9sar Ch\u00e1vez<\/strong> contaba con ordenes de aprehensi\u00f3n.<\/p>\n<blockquote><p>Personalmente no ten\u00eda conocimiento. Ayer [jueves 3 de julio], cuando sali\u00f3 la noticia nos comunicamos con la Fiscal\u00eda y el fiscal me dijo &#8216;s\u00ed tiene una orden de aprehensi\u00f3n en M\u00e9xico'&#8221;, se\u00f1al\u00f3 la presidenta de M\u00e9xico.<\/p>\n<div class=\"content-banner\"><\/div>\n<\/blockquote>\n<p>En esta misma intervenci\u00f3n, al jefa del Ejecutivo Federal mexicano apunt\u00f3 que es\u00a0&#8220;una orden de aprehensi\u00f3n que incluso inici\u00f3\u00a0[&#8230;]\u00a0en 2019;\u00a0se otorga la orden de aprehensi\u00f3n por parte de un juez hasta\u00a0<strong>2023<\/strong>\u00a0y lo que nos informaron aqu\u00ed en el Gabinete [de Seguridad] es que la mayor\u00eda del tiempo [Julio C\u00e9sar Jr.] estaba all\u00e1, en los Estados Unidos (EU)&#8221;.<\/p>\n<div class=\"content-banner\"><\/div>\n<p>La presidenta de M\u00e9xico asegur\u00f3 que\u00a0la detenci\u00f3n tiene que ver con la<strong>\u00a0orden de aprehensi\u00f3n que hay en M\u00e9xico<\/strong>. Agreg\u00f3 que se espera que &#8220;pueda haber una deportaci\u00f3n y que pueda cumplir la sentencia en M\u00e9xico&#8221;. En ese proceso est\u00e1 trabajando la Fiscal\u00eda General de la Rep\u00fablica, concluy\u00f3 la mandataria mexicana.<\/p>\n<p>Sheinbaum confirm\u00f3\u00a0que al boxeador mexicano se le acusa de tr\u00e1fico de armas, de drogas, y de delincuencia organizada.<\/p>\n<h1>\u00bfSheinbaum se ha comunicado con la familia de C\u00e9sar Ch\u00e1vez?<\/h1>\n<p>&#8220;No, ayer vimos un comunicado que sacaron ellos&#8221;, respondi\u00f3 la presidenta de M\u00e9xico a la pregunta sobre si ha tenido comunicaci\u00f3n con la familia de Julio C\u00e9sar Ch\u00e1vez, ya que se le considera uno de los boxeadores m\u00e1s importantes de M\u00e9xico, adem\u00e1s de que ha participado en actividades con la\u00a0<strong>Federaci\u00f3n<\/strong>. La doctora volvi\u00f3 a repetir que\u00a0&#8220;personalmente no ten\u00eda conocimiento de esta orden de aprehensi\u00f3n, pero existe desde 2023&#8221;.<\/p>\n<p>La Fiscal\u00eda seguir\u00e1 informando sobre el caso, apunt\u00f3.<\/p>\n<p>&nbsp;<\/p>\n<p>Fuente: Tribuna \/ Conferencia &#8216;Ma\u00f1anera del Pueblo&#8217;<\/p>\n","protected":false},"excerpt":{"rendered":"<p>Ciudad de M\u00e9xico.- La primera presidenta de M\u00e9xico, la doctora\u00a0Claudia Sheinbaum Pardo, encabeza su tradicional conferencia &#8216;Ma\u00f1anera del Pueblo&#8217; desde el Sal\u00f3n de la Tesorer\u00eda del Palacio Nacional. Este\u00a0viernes 4 de julio de 2025, la mandataria mexicana habl\u00f3 sobre la detenci\u00f3n del boxeador mexicano\u00a0Julio C\u00e9sar Ch\u00e1vez Jr., quien fue aprehendido en\u00a0Los \u00c1ngeles,\u00a0California, por presuntos delitos [&hellip;]<\/p>\n","protected":false},"author":2,"featured_media":223486,"comment_status":"closed","ping_status":"closed","sticky":false,"template":"","format":"standard","meta":{"footnotes":""},"categories":[12870,172],"tags":[12865,12874],"class_list":["post-223485","post","type-post","status-publish","format-standard","has-post-thumbnail","hentry","category-destacadas","category-nacional","tag-destacadas","tag-nacional"],"jetpack_featured_media_url":"https:\/\/rnoticias.com.mx\/Portal\/wp-content\/uploads\/2025\/07\/f960x540-457769_531844_5050.webp","amp_enabled":true,"_links":{"self":[{"href":"https:\/\/rnoticias.com.mx\/Portal\/wp-json\/wp\/v2\/posts\/223485","targetHints":{"allow":["GET"]}}],"collection":[{"href":"https:\/\/rnoticias.com.mx\/Portal\/wp-json\/wp\/v2\/posts"}],"about":[{"href":"https:\/\/rnoticias.com.mx\/Portal\/wp-json\/wp\/v2\/types\/post"}],"author":[{"embeddable":true,"href":"https:\/\/rnoticias.com.mx\/Portal\/wp-json\/wp\/v2\/users\/2"}],"replies":[{"embeddable":true,"href":"https:\/\/rnoticias.com.mx\/Portal\/wp-json\/wp\/v2\/comments?post=223485"}],"version-history":[{"count":1,"href":"https:\/\/rnoticias.com.mx\/Portal\/wp-json\/wp\/v2\/posts\/223485\/revisions"}],"predecessor-version":[{"id":223487,"href":"https:\/\/rnoticias.com.mx\/Portal\/wp-json\/wp\/v2\/posts\/223485\/revisions\/223487"}],"wp:featuredmedia":[{"embeddable":true,"href":"https:\/\/rnoticias.com.mx\/Portal\/wp-json\/wp\/v2\/media\/223486"}],"wp:attachment":[{"href":"https:\/\/rnoticias.com.mx\/Portal\/wp-json\/wp\/v2\/media?parent=223485"}],"wp:term":[{"taxonomy":"category","embeddable":true,"href":"https:\/\/rnoticias.com.mx\/Portal\/wp-json\/wp\/v2\/categories?post=223485"},{"taxonomy":"post_tag","embeddable":true,"href":"https:\/\/rnoticias.com.mx\/Portal\/wp-json\/wp\/v2\/tags?post=223485"}],"curies":[{"name":"wp","href":"https:\/\/api.w.org\/{rel}","templated":true}]}}