{"id":223476,"date":"2025-07-04T10:36:40","date_gmt":"2025-07-04T17:36:40","guid":{"rendered":"https:\/\/rnoticias.com.mx\/Portal\/?p=223476"},"modified":"2025-07-04T10:36:40","modified_gmt":"2025-07-04T17:36:40","slug":"lluvias-destrozan-caminos-rurales-en-alamos","status":"publish","type":"post","link":"https:\/\/rnoticias.com.mx\/Portal\/2025\/07\/04\/lluvias-destrozan-caminos-rurales-en-alamos\/","title":{"rendered":"Lluvias destrozan caminos rurales en \u00c1lamos"},"content":{"rendered":"<p><strong>\u00c1lamos, Sonora.-\u00a0<\/strong>Las recientes\u00a0<strong>lluvias\u00a0<\/strong>en la\u00a0<strong>regi\u00f3n\u00a0<\/strong>provocaron\u00a0<strong>destrozos\u00a0<\/strong>en los\u00a0<strong>caminos\u00a0<\/strong>de la sierra de\u00a0<strong>\u00c1lamos<\/strong>, dejando\u00a0<strong>incomunicados\u00a0<\/strong>a los pobladores rurales, as\u00ed como a las<strong>\u00a0comunidades guarij\u00edas.<\/strong><\/p>\n<div class=\"content-banner\"><\/div>\n<p>De acuerdo al\u00a0<strong>Informe Hidrom\u00e9trico y Climatol\u00f3gico<\/strong>\u00a0por parte de la\u00a0<strong>Comisi\u00f3n Nacional del Agua<\/strong>\u00a0(Conagua), algunas zonas rurales como\u00a0<strong>San Bernardo\u00a0<\/strong>y<strong>\u00a0Moc\u00fazarit<\/strong>\u00a0registraron precipitaciones superiores a los 80 mil\u00edmetros, lo cual caus\u00f3\u00a0<strong>da\u00f1os\u00a0<\/strong>en la infraestructura vial.<\/p>\n<p>&nbsp;<\/p>\n<p>Personal de\u00a0<strong>Protecci\u00f3n Civil\u00a0<\/strong>acudieron a las zonas afectadas para realizar trabajos de limpieza y habilitaci\u00f3n en los caminos destrozados para permitir el paso a los pobladores rurales.<\/p>\n<div class=\"content-banner\"><\/div>\n<blockquote><p>Nos fuimos a revisar los caminos da\u00f1ados por las fuertes lluvias, como nunca llegaron a las comunidades guarij\u00edas, ya mero queda la pasada\u201d, public\u00f3\u00a0<strong>Samuel Borb\u00f3n Lara<\/strong>, presidente municipal.<\/p>\n<div class=\"content-banner\"><\/div>\n<\/blockquote>\n<p>Se espera que las lluvias contin\u00faen durante los pr\u00f3ximos d\u00edas, por lo que se recomend\u00f3 a la poblaci\u00f3n a evitar ingresar a los arroyos y r\u00edos para prevenir alguna tragedia.<\/p>\n<p>&nbsp;<\/p>\n<p>Fuente Tribuna del Yaqui<\/p>\n","protected":false},"excerpt":{"rendered":"<p>\u00c1lamos, Sonora.-\u00a0Las recientes\u00a0lluvias\u00a0en la\u00a0regi\u00f3n\u00a0provocaron\u00a0destrozos\u00a0en los\u00a0caminos\u00a0de la sierra de\u00a0\u00c1lamos, dejando\u00a0incomunicados\u00a0a los pobladores rurales, as\u00ed como a las\u00a0comunidades guarij\u00edas. De acuerdo al\u00a0Informe Hidrom\u00e9trico y Climatol\u00f3gico\u00a0por parte de la\u00a0Comisi\u00f3n Nacional del Agua\u00a0(Conagua), algunas zonas rurales como\u00a0San Bernardo\u00a0y\u00a0Moc\u00fazarit\u00a0registraron precipitaciones superiores a los 80 mil\u00edmetros, lo cual caus\u00f3\u00a0da\u00f1os\u00a0en la infraestructura vial. &nbsp; Personal de\u00a0Protecci\u00f3n Civil\u00a0acudieron a las zonas afectadas para [&hellip;]<\/p>\n","protected":false},"author":2,"featured_media":223477,"comment_status":"closed","ping_status":"closed","sticky":false,"template":"","format":"standard","meta":{"footnotes":""},"categories":[12870,174],"tags":[12865,12873],"class_list":["post-223476","post","type-post","status-publish","format-standard","has-post-thumbnail","hentry","category-destacadas","category-estatal","tag-destacadas","tag-estatal"],"jetpack_featured_media_url":"https:\/\/rnoticias.com.mx\/Portal\/wp-content\/uploads\/2025\/07\/f960x540-457696_531771_5050.jpg","amp_enabled":true,"_links":{"self":[{"href":"https:\/\/rnoticias.com.mx\/Portal\/wp-json\/wp\/v2\/posts\/223476","targetHints":{"allow":["GET"]}}],"collection":[{"href":"https:\/\/rnoticias.com.mx\/Portal\/wp-json\/wp\/v2\/posts"}],"about":[{"href":"https:\/\/rnoticias.com.mx\/Portal\/wp-json\/wp\/v2\/types\/post"}],"author":[{"embeddable":true,"href":"https:\/\/rnoticias.com.mx\/Portal\/wp-json\/wp\/v2\/users\/2"}],"replies":[{"embeddable":true,"href":"https:\/\/rnoticias.com.mx\/Portal\/wp-json\/wp\/v2\/comments?post=223476"}],"version-history":[{"count":1,"href":"https:\/\/rnoticias.com.mx\/Portal\/wp-json\/wp\/v2\/posts\/223476\/revisions"}],"predecessor-version":[{"id":223478,"href":"https:\/\/rnoticias.com.mx\/Portal\/wp-json\/wp\/v2\/posts\/223476\/revisions\/223478"}],"wp:featuredmedia":[{"embeddable":true,"href":"https:\/\/rnoticias.com.mx\/Portal\/wp-json\/wp\/v2\/media\/223477"}],"wp:attachment":[{"href":"https:\/\/rnoticias.com.mx\/Portal\/wp-json\/wp\/v2\/media?parent=223476"}],"wp:term":[{"taxonomy":"category","embeddable":true,"href":"https:\/\/rnoticias.com.mx\/Portal\/wp-json\/wp\/v2\/categories?post=223476"},{"taxonomy":"post_tag","embeddable":true,"href":"https:\/\/rnoticias.com.mx\/Portal\/wp-json\/wp\/v2\/tags?post=223476"}],"curies":[{"name":"wp","href":"https:\/\/api.w.org\/{rel}","templated":true}]}}