{"id":223469,"date":"2025-07-04T08:29:05","date_gmt":"2025-07-04T15:29:05","guid":{"rendered":"https:\/\/rnoticias.com.mx\/Portal\/?p=223469"},"modified":"2025-07-04T08:29:32","modified_gmt":"2025-07-04T15:29:32","slug":"gobernador-durazo-lleva-tramites-y-servicios-gratuitos-de-la-jornada-sonora-atiende-a-la-colonia-sonacer","status":"publish","type":"post","link":"https:\/\/rnoticias.com.mx\/Portal\/2025\/07\/04\/gobernador-durazo-lleva-tramites-y-servicios-gratuitos-de-la-jornada-sonora-atiende-a-la-colonia-sonacer\/","title":{"rendered":"Gobernador Durazo lleva tr\u00e1mites y servicios gratuitos de la jornada \u201cSonora Atiende\u201d a la colonia Sonacer"},"content":{"rendered":"<p>Hermosillo, Sonora; 3 de julio de 2025.- La feria &#8220;Sonora Atiende&#8221; que impulsa el gobernador Alfonso Durazo Monta\u00f1o lleg\u00f3 a la colonia Sonacer, en la que servidoras y servidores p\u00fablicos brindaron atenciones de salud, as\u00ed como expedici\u00f3n de tr\u00e1mites oficiales gratuitos a las familias de esa zona de Hermosillo.<\/p>\n<p>Los vecinos del sector poniente de la ciudad aprovecharon para acceder sin costo a actas de nacimiento, informaci\u00f3n sobre becas, deporte, educaci\u00f3n, trabajo, desarrollo, as\u00ed como asistencia, protecci\u00f3n animal, salud y bienestar, medio ambiente, vivienda, entre otros.<\/p>\n<p>Claudia Pati\u00f1o asisti\u00f3 a la jornada &#8220;Sonora Atiende&#8221; para adquirir unos lentes para la vista cansada.<\/p>\n<p>&#8220;Vine a solicitar un acta de nacimiento y a ver el servicio de los lentes. Muy bueno, ayuda a la comunidad y a adultos mayores que no se pueden mover y aprovechan&#8221;, indic\u00f3.<\/p>\n<p>&#8220;Estoy viendo muchos departamentos, tambi\u00e9n me interesa un \u00e1rbol y tambi\u00e9n para que me puedan checar la vista&#8221;, apunt\u00f3 Luz Estela Ochoa.<\/p>\n<p>El se\u00f1or Ernesto Guti\u00e9rrez agradeci\u00f3 al gobernador Durazo Monta\u00f1o por continuar con las jornadas en los diferentes sectores de la ciudad, acercando los servicios de 30 dependencias del gobierno a las personas.<\/p>\n<p>&#8220;Muy eficaz, trabajando como debe ser porque en otros partidos hay mucha corrupci\u00f3n y aqu\u00ed estamos viendo que se est\u00e1 haciendo algo por el gobierno, por la gente m\u00e1s necesitada. Aqu\u00ed se le facilita a las personas, cerca de su casa, ahorran tiempo y dinero&#8221;, se\u00f1al\u00f3.<\/p>\n<p>&#8220;Un acta, una matita y corte de cabello, son los servicios que tuve. Est\u00e1 bien, que lo sigan haciendo m\u00e1s seguido&#8221;, coment\u00f3 el se\u00f1or Juan Ram\u00f3n Orantes.<\/p>\n<p>Con el compromiso firme del gobernador Alfonso Durazo Monta\u00f1o de beneficiar a las familias sonorenses, las ferias de servicios &#8220;Sonora Atiende&#8221; continuar\u00e1n para llegar a m\u00e1s ciudadanos, acercando apoyos y atenciones de forma gratuita.<\/p>\n","protected":false},"excerpt":{"rendered":"<p>Hermosillo, Sonora; 3 de julio de 2025.- La feria &#8220;Sonora Atiende&#8221; que impulsa el gobernador Alfonso Durazo Monta\u00f1o lleg\u00f3 a la colonia Sonacer, en la que servidoras y servidores p\u00fablicos brindaron atenciones de salud, as\u00ed como expedici\u00f3n de tr\u00e1mites oficiales gratuitos a las familias de esa zona de Hermosillo. Los vecinos del sector poniente de [&hellip;]<\/p>\n","protected":false},"author":2,"featured_media":223470,"comment_status":"closed","ping_status":"closed","sticky":false,"template":"","format":"standard","meta":{"footnotes":""},"categories":[12870,178],"tags":[12865,12869],"class_list":["post-223469","post","type-post","status-publish","format-standard","has-post-thumbnail","hentry","category-destacadas","category-local","tag-destacadas","tag-local"],"jetpack_featured_media_url":"https:\/\/rnoticias.com.mx\/Portal\/wp-content\/uploads\/2025\/07\/unnamed-3-2.jpg","amp_enabled":true,"_links":{"self":[{"href":"https:\/\/rnoticias.com.mx\/Portal\/wp-json\/wp\/v2\/posts\/223469","targetHints":{"allow":["GET"]}}],"collection":[{"href":"https:\/\/rnoticias.com.mx\/Portal\/wp-json\/wp\/v2\/posts"}],"about":[{"href":"https:\/\/rnoticias.com.mx\/Portal\/wp-json\/wp\/v2\/types\/post"}],"author":[{"embeddable":true,"href":"https:\/\/rnoticias.com.mx\/Portal\/wp-json\/wp\/v2\/users\/2"}],"replies":[{"embeddable":true,"href":"https:\/\/rnoticias.com.mx\/Portal\/wp-json\/wp\/v2\/comments?post=223469"}],"version-history":[{"count":1,"href":"https:\/\/rnoticias.com.mx\/Portal\/wp-json\/wp\/v2\/posts\/223469\/revisions"}],"predecessor-version":[{"id":223471,"href":"https:\/\/rnoticias.com.mx\/Portal\/wp-json\/wp\/v2\/posts\/223469\/revisions\/223471"}],"wp:featuredmedia":[{"embeddable":true,"href":"https:\/\/rnoticias.com.mx\/Portal\/wp-json\/wp\/v2\/media\/223470"}],"wp:attachment":[{"href":"https:\/\/rnoticias.com.mx\/Portal\/wp-json\/wp\/v2\/media?parent=223469"}],"wp:term":[{"taxonomy":"category","embeddable":true,"href":"https:\/\/rnoticias.com.mx\/Portal\/wp-json\/wp\/v2\/categories?post=223469"},{"taxonomy":"post_tag","embeddable":true,"href":"https:\/\/rnoticias.com.mx\/Portal\/wp-json\/wp\/v2\/tags?post=223469"}],"curies":[{"name":"wp","href":"https:\/\/api.w.org\/{rel}","templated":true}]}}