{"id":223451,"date":"2025-07-04T08:17:35","date_gmt":"2025-07-04T15:17:35","guid":{"rendered":"https:\/\/rnoticias.com.mx\/Portal\/?p=223451"},"modified":"2025-07-04T08:17:35","modified_gmt":"2025-07-04T15:17:35","slug":"iee-sonora-es-sede-del-ii-taller-estatal-de-capacitacion-dirigido-a-organos-internos-de-control","status":"publish","type":"post","link":"https:\/\/rnoticias.com.mx\/Portal\/2025\/07\/04\/iee-sonora-es-sede-del-ii-taller-estatal-de-capacitacion-dirigido-a-organos-internos-de-control\/","title":{"rendered":"IEE Sonora es sede del II taller estatal de capacitaci\u00f3n dirigido a \u00d3rganos Internos de Control"},"content":{"rendered":"<p style=\"font-weight: 400;\">Con el objetivo de fortalecer la legalidad, la transparencia y la rendici\u00f3n de cuentas en el servicio p\u00fablico, el Instituto Estatal Electoral y de Participaci\u00f3n Ciudadana (IEE Sonora) fue sede del Taller de Capacitaci\u00f3n para representantes de \u00f3rganos internos de control, impartido por Ver\u00f3nica Lizette Rodr\u00edguez Rivera, titular del \u00d3rgano Interno de Control de la Loter\u00eda Nacional y vocal \u201cB\u201d del Comit\u00e9 de Transparencia.<\/p>\n<p style=\"font-weight: 400;\">\n<p style=\"font-weight: 400;\">Durante la inauguraci\u00f3n, el consejero presidente del IEE Sonora, Nery Ruiz Arvizu, destac\u00f3 que el trabajo de las contralor\u00edas no solo es fundamental para garantizar el uso correcto de los recursos p\u00fablicos, sino que representa una garant\u00eda para la ciudadan\u00eda de que las instituciones act\u00faan con \u00e9tica, imparcialidad y apego a derecho.<\/p>\n<p style=\"font-weight: 400;\">\n<p style=\"font-weight: 400;\">\u201cSe trata de un ejercicio de fortalecimiento institucional que permite mejorar, corregir y avanzar, adem\u00e1s, cumple una funci\u00f3n estrat\u00e9gica en la prevenci\u00f3n de irregularidades, la supervisi\u00f3n de procedimientos administrativos y la mejora continua de los procesos p\u00fablicos\u201d, resalt\u00f3 el Consejero Presidente.<\/p>\n<p style=\"font-weight: 400;\">\n<p style=\"font-weight: 400;\">Presente en la inauguraci\u00f3n de estos trabajos, el diputado David Figueroa Ortega, presidente de la Comisi\u00f3n de Transparencia del Congreso local, reconoci\u00f3 los avances y refrend\u00f3 el compromiso con una agenda institucional que priorice la rendici\u00f3n de cuentas: en representaci\u00f3n de la Secretar\u00eda de Gobierno, asisti\u00f3 Alba Tapia.<\/p>\n<p style=\"font-weight: 400;\">\n<p style=\"font-weight: 400;\">Por su parte, el titular del \u00d3rgano Interno de Control del IEE Sonora, Juan Carlos J\u00e1uregui R\u00edos, se\u00f1al\u00f3 que este taller representa un ejercicio de colaboraci\u00f3n interinstitucional que busca compartir experiencias, homologar criterios y profesionalizar la funci\u00f3n fiscalizadora.<\/p>\n<p style=\"font-weight: 400;\">\n<p style=\"font-weight: 400;\">\u201cLa ciudadan\u00eda exige instituciones responsables y con est\u00e1ndares \u00e9ticos elevados. Para lograrlo, es necesario fortalecer las capacidades t\u00e9cnicas y operativas de quienes ejercen el control interno en cada dependencia\u201d, puntualiz\u00f3.<\/p>\n<p style=\"font-weight: 400;\">\n<p style=\"font-weight: 400;\">En esta capacitaci\u00f3n participaron: Edgar Acu\u00f1a Sol\u00eds, representante del Tribunal de Justicia Administrativa; Ibeth Fuentes Olivarr\u00eda, del Tribunal Estatal Electoral; Andrea Escalante Antill\u00f3n, de la Comisi\u00f3n Estatal de Derechos Humanos; Jes\u00fas Antonio Villegas Gast\u00e9lum, del Instituto Sonorense de Transparencia, Acceso a la Informaci\u00f3n P\u00fablica y Protecci\u00f3n de Datos Personales; V\u00edctor Manuel Delgado Moreno, del Instituto Superior de Auditor\u00eda y Fiscalizaci\u00f3n; y Benjam\u00edn Gaxiola, del Congreso del Estado de Sonora. Como anfitri\u00f3n del evento Juan Carlos J\u00e1uregui R\u00edos, del IEE Sonora.<\/p>\n<p style=\"font-weight: 400;\">\n<p style=\"font-weight: 400;\">El taller abord\u00f3 temas clave como responsabilidades administrativas, auditor\u00eda interna, control preventivo, mejores pr\u00e1cticas en fiscalizaci\u00f3n y mecanismos para fortalecer la cultura de la legalidad y la transparencia al interior de las instituciones p\u00fablicas.<\/p>\n<p style=\"font-weight: 400;\">\n<p style=\"font-weight: 400;\">Asimismo, asisti\u00f3 personal de los \u00f3rganos aut\u00f3nomos de todo el estado, quienes reforzaron su preparaci\u00f3n para desempe\u00f1ar sus funciones con mayor conocimiento, eficiencia y compromiso \u00e9tico.<\/p>\n","protected":false},"excerpt":{"rendered":"<p>Con el objetivo de fortalecer la legalidad, la transparencia y la rendici\u00f3n de cuentas en el servicio p\u00fablico, el Instituto Estatal Electoral y de Participaci\u00f3n Ciudadana (IEE Sonora) fue sede del Taller de Capacitaci\u00f3n para representantes de \u00f3rganos internos de control, impartido por Ver\u00f3nica Lizette Rodr\u00edguez Rivera, titular del \u00d3rgano Interno de Control de la [&hellip;]<\/p>\n","protected":false},"author":2,"featured_media":223452,"comment_status":"closed","ping_status":"closed","sticky":false,"template":"","format":"standard","meta":{"footnotes":""},"categories":[12870,12868],"tags":[12865,12879],"class_list":["post-223451","post","type-post","status-publish","format-standard","has-post-thumbnail","hentry","category-destacadas","category-politica","tag-destacadas","tag-politica"],"jetpack_featured_media_url":"https:\/\/rnoticias.com.mx\/Portal\/wp-content\/uploads\/2025\/07\/Taller-2.jpg","amp_enabled":true,"_links":{"self":[{"href":"https:\/\/rnoticias.com.mx\/Portal\/wp-json\/wp\/v2\/posts\/223451","targetHints":{"allow":["GET"]}}],"collection":[{"href":"https:\/\/rnoticias.com.mx\/Portal\/wp-json\/wp\/v2\/posts"}],"about":[{"href":"https:\/\/rnoticias.com.mx\/Portal\/wp-json\/wp\/v2\/types\/post"}],"author":[{"embeddable":true,"href":"https:\/\/rnoticias.com.mx\/Portal\/wp-json\/wp\/v2\/users\/2"}],"replies":[{"embeddable":true,"href":"https:\/\/rnoticias.com.mx\/Portal\/wp-json\/wp\/v2\/comments?post=223451"}],"version-history":[{"count":1,"href":"https:\/\/rnoticias.com.mx\/Portal\/wp-json\/wp\/v2\/posts\/223451\/revisions"}],"predecessor-version":[{"id":223453,"href":"https:\/\/rnoticias.com.mx\/Portal\/wp-json\/wp\/v2\/posts\/223451\/revisions\/223453"}],"wp:featuredmedia":[{"embeddable":true,"href":"https:\/\/rnoticias.com.mx\/Portal\/wp-json\/wp\/v2\/media\/223452"}],"wp:attachment":[{"href":"https:\/\/rnoticias.com.mx\/Portal\/wp-json\/wp\/v2\/media?parent=223451"}],"wp:term":[{"taxonomy":"category","embeddable":true,"href":"https:\/\/rnoticias.com.mx\/Portal\/wp-json\/wp\/v2\/categories?post=223451"},{"taxonomy":"post_tag","embeddable":true,"href":"https:\/\/rnoticias.com.mx\/Portal\/wp-json\/wp\/v2\/tags?post=223451"}],"curies":[{"name":"wp","href":"https:\/\/api.w.org\/{rel}","templated":true}]}}