{"id":223445,"date":"2025-07-04T08:07:58","date_gmt":"2025-07-04T15:07:58","guid":{"rendered":"https:\/\/rnoticias.com.mx\/Portal\/?p=223445"},"modified":"2025-07-04T08:07:58","modified_gmt":"2025-07-04T15:07:58","slug":"corte-suprema-de-eu-autoriza-a-trump-traslado-de-migrantes","status":"publish","type":"post","link":"https:\/\/rnoticias.com.mx\/Portal\/2025\/07\/04\/corte-suprema-de-eu-autoriza-a-trump-traslado-de-migrantes\/","title":{"rendered":"Corte Suprema de EU autoriza a Trump traslado de migrantes"},"content":{"rendered":"<p>La Corte Suprema de Estados Unidos determin\u00f3 que la administraci\u00f3n de<strong>\u00a0Donald Trump<\/strong>\u00a0puede deportar a Sud\u00e1n del Sur a un grupo de migrantes que llevan semanas retenidos en una base militar de Yibut\u00ed, inform\u00f3 la cadena estadounidense CNN. Entre los migrantes hay un mexicano.<\/p>\n<p>La orden se produjo d\u00edas despu\u00e9s de que el alto tribunal permitiera a la administraci\u00f3n deportar a ciertos migrantes a pa\u00edses distintos de su patria sin previo aviso. Pero su decisi\u00f3n del 23 de junio desencaden\u00f3 una escaramuza legal en torno a un grupo concreto de migrantes retenidos en Yibut\u00ed.<\/p>\n<p>La vocera de la Casa Blanca, Karoline Leavitt, dijo que la decisi\u00f3n del Supremo\u00a0<em><strong>\u201ces otra victoria incre\u00edble para Estados Unidos\u201d.<\/strong><\/em><\/p>\n<p>Agradeci\u00f3 a la corte \u201c<strong><em>por fallar del lado de la ley y el orden, y afirmar la autoridad ejecutiva del presidente. Como hemos dicho todo el tiempo, los jueces de nivel inferior no pueden y no deben dictar los intereses de seguridad nacional de los Estados Unidos desde un banco en un tribunal de distrito al azar\u201d.<\/em><\/strong><\/p>\n<p>Se\u00f1al\u00f3 que<strong><em>\u00a0\u201clas deportaciones masivas de extranjeros ilegales continuar\u00e1n, y continuar\u00e1n, \u00a1eso es lo que vot\u00f3 el pueblo estadounidense!\u201d.<\/em><\/strong><\/p>\n<p>&nbsp;<\/p>\n<p>El Universal<\/p>\n","protected":false},"excerpt":{"rendered":"<p>La Corte Suprema de Estados Unidos determin\u00f3 que la administraci\u00f3n de\u00a0Donald Trump\u00a0puede deportar a Sud\u00e1n del Sur a un grupo de migrantes que llevan semanas retenidos en una base militar de Yibut\u00ed, inform\u00f3 la cadena estadounidense CNN. Entre los migrantes hay un mexicano. La orden se produjo d\u00edas despu\u00e9s de que el alto tribunal permitiera [&hellip;]<\/p>\n","protected":false},"author":2,"featured_media":223446,"comment_status":"closed","ping_status":"closed","sticky":false,"template":"","format":"standard","meta":{"footnotes":""},"categories":[12870,182],"tags":[12865,12871],"class_list":["post-223445","post","type-post","status-publish","format-standard","has-post-thumbnail","hentry","category-destacadas","category-internacional","tag-destacadas","tag-internacional"],"jetpack_featured_media_url":"https:\/\/rnoticias.com.mx\/Portal\/wp-content\/uploads\/2025\/07\/XlRrrQZZ.webp","amp_enabled":true,"_links":{"self":[{"href":"https:\/\/rnoticias.com.mx\/Portal\/wp-json\/wp\/v2\/posts\/223445","targetHints":{"allow":["GET"]}}],"collection":[{"href":"https:\/\/rnoticias.com.mx\/Portal\/wp-json\/wp\/v2\/posts"}],"about":[{"href":"https:\/\/rnoticias.com.mx\/Portal\/wp-json\/wp\/v2\/types\/post"}],"author":[{"embeddable":true,"href":"https:\/\/rnoticias.com.mx\/Portal\/wp-json\/wp\/v2\/users\/2"}],"replies":[{"embeddable":true,"href":"https:\/\/rnoticias.com.mx\/Portal\/wp-json\/wp\/v2\/comments?post=223445"}],"version-history":[{"count":1,"href":"https:\/\/rnoticias.com.mx\/Portal\/wp-json\/wp\/v2\/posts\/223445\/revisions"}],"predecessor-version":[{"id":223447,"href":"https:\/\/rnoticias.com.mx\/Portal\/wp-json\/wp\/v2\/posts\/223445\/revisions\/223447"}],"wp:featuredmedia":[{"embeddable":true,"href":"https:\/\/rnoticias.com.mx\/Portal\/wp-json\/wp\/v2\/media\/223446"}],"wp:attachment":[{"href":"https:\/\/rnoticias.com.mx\/Portal\/wp-json\/wp\/v2\/media?parent=223445"}],"wp:term":[{"taxonomy":"category","embeddable":true,"href":"https:\/\/rnoticias.com.mx\/Portal\/wp-json\/wp\/v2\/categories?post=223445"},{"taxonomy":"post_tag","embeddable":true,"href":"https:\/\/rnoticias.com.mx\/Portal\/wp-json\/wp\/v2\/tags?post=223445"}],"curies":[{"name":"wp","href":"https:\/\/api.w.org\/{rel}","templated":true}]}}