{"id":223439,"date":"2025-07-04T08:00:54","date_gmt":"2025-07-04T15:00:54","guid":{"rendered":"https:\/\/rnoticias.com.mx\/Portal\/?p=223439"},"modified":"2025-07-04T08:00:54","modified_gmt":"2025-07-04T15:00:54","slug":"realizan-primera-reunion-con-servidores-publicos-del-gobierno-de-hermosillo-sobre-el-plan-h-suma","status":"publish","type":"post","link":"https:\/\/rnoticias.com.mx\/Portal\/2025\/07\/04\/realizan-primera-reunion-con-servidores-publicos-del-gobierno-de-hermosillo-sobre-el-plan-h-suma\/","title":{"rendered":"Realizan primera reuni\u00f3n con servidores p\u00fablicos del Gobierno de Hermosillo sobre el plan H Suma"},"content":{"rendered":"<p><b data-olk-copy-source=\"MessageBody\">Hermosillo, Sonora; 4 de julio, 2025.- <\/b>La directora del Consejo Municipal para la Integraci\u00f3n Social de Personas con Discapacidad (COMUDIS), Jeannette Molina Caire, tuvo la primera reuni\u00f3n con las diferentes \u00e1reas del Ayuntamiento para poner en marcha el plan de inclusi\u00f3n H Suma, que lanz\u00f3 recientemente el presidente municipal Antonio Astiazar\u00e1n.<\/p>\n<p>\u201cSon los primeros servidores p\u00fablicos a los que les vamos a explicar el objetivo y los pasos a seguir del plan H Suma para seguir avanzando en la lista y c\u00f3mo vamos con este levantamiento para ver c\u00f3mo est\u00e1 cada dependencia en cuesti\u00f3n de accesibilidad e inclusi\u00f3n\u201d, explic\u00f3.<\/p>\n<p>Molina Caire precis\u00f3 que, como dijo el presidente municipal Antonio Astiazar\u00e1n Guti\u00e9rrez, hay que empezar por casa, por lo cual est\u00e1n viendo qu\u00e9 hace falta para planear esa estrategia, para avanzar, prioridades y necesidades de cada dependencia.<\/p>\n<p>\u201cTenemos que terminar de realizar este levantamiento antes de hacer el presupuesto 2026, porque ya vendr\u00eda ah\u00ed etiquetado para seguir avanzando en este Plan. Estamos revisando si la comunicaci\u00f3n es accesible, si hay personas con discapacidad laborando en esa dependencia, si es accesible en cuesti\u00f3n de rampas, si hay ba\u00f1os accesibles, etc\u00e9tera\u201d, manifest\u00f3.<\/p>\n<p>El requisito para ser el enlace que habr\u00e1 en cada dependencia es ser una persona con discapacidad, un cuidador de una persona con discapacidad o alguien que sepa y conozca del tema.<\/p>\n<p>Destac\u00f3 que es importante llevar a cabo estas acciones, por lo cual el inter\u00e9s del presidente y la presidenta del DIF Hermosillo, Patricia Ruibal, es trabajar de manera transversal con todas las dependencias del municipio. \u201cNo solo se trata de cumplir con lo que la Ley nos indica, sino, adem\u00e1s, porque todas y todos podemos adquirir una discapacidad, ya sea temporal o permanente; y este plan es una oportunidad para poder hacer la diferencia\u201d, subray\u00f3.<\/p>\n<div><\/div>\n","protected":false},"excerpt":{"rendered":"<p>Hermosillo, Sonora; 4 de julio, 2025.- La directora del Consejo Municipal para la Integraci\u00f3n Social de Personas con Discapacidad (COMUDIS), Jeannette Molina Caire, tuvo la primera reuni\u00f3n con las diferentes \u00e1reas del Ayuntamiento para poner en marcha el plan de inclusi\u00f3n H Suma, que lanz\u00f3 recientemente el presidente municipal Antonio Astiazar\u00e1n. \u201cSon los primeros servidores [&hellip;]<\/p>\n","protected":false},"author":2,"featured_media":223440,"comment_status":"closed","ping_status":"closed","sticky":false,"template":"","format":"standard","meta":{"footnotes":""},"categories":[12870,178],"tags":[12865,12869],"class_list":["post-223439","post","type-post","status-publish","format-standard","has-post-thumbnail","hentry","category-destacadas","category-local","tag-destacadas","tag-local"],"jetpack_featured_media_url":"https:\/\/rnoticias.com.mx\/Portal\/wp-content\/uploads\/2025\/07\/Realizan-primera-reunion-con-servidores-publicos-del-Gobierno-de-Hermosillo-sobre-el-plan-H-Suma-1-scaled.jpeg","amp_enabled":true,"_links":{"self":[{"href":"https:\/\/rnoticias.com.mx\/Portal\/wp-json\/wp\/v2\/posts\/223439","targetHints":{"allow":["GET"]}}],"collection":[{"href":"https:\/\/rnoticias.com.mx\/Portal\/wp-json\/wp\/v2\/posts"}],"about":[{"href":"https:\/\/rnoticias.com.mx\/Portal\/wp-json\/wp\/v2\/types\/post"}],"author":[{"embeddable":true,"href":"https:\/\/rnoticias.com.mx\/Portal\/wp-json\/wp\/v2\/users\/2"}],"replies":[{"embeddable":true,"href":"https:\/\/rnoticias.com.mx\/Portal\/wp-json\/wp\/v2\/comments?post=223439"}],"version-history":[{"count":1,"href":"https:\/\/rnoticias.com.mx\/Portal\/wp-json\/wp\/v2\/posts\/223439\/revisions"}],"predecessor-version":[{"id":223441,"href":"https:\/\/rnoticias.com.mx\/Portal\/wp-json\/wp\/v2\/posts\/223439\/revisions\/223441"}],"wp:featuredmedia":[{"embeddable":true,"href":"https:\/\/rnoticias.com.mx\/Portal\/wp-json\/wp\/v2\/media\/223440"}],"wp:attachment":[{"href":"https:\/\/rnoticias.com.mx\/Portal\/wp-json\/wp\/v2\/media?parent=223439"}],"wp:term":[{"taxonomy":"category","embeddable":true,"href":"https:\/\/rnoticias.com.mx\/Portal\/wp-json\/wp\/v2\/categories?post=223439"},{"taxonomy":"post_tag","embeddable":true,"href":"https:\/\/rnoticias.com.mx\/Portal\/wp-json\/wp\/v2\/tags?post=223439"}],"curies":[{"name":"wp","href":"https:\/\/api.w.org\/{rel}","templated":true}]}}