{"id":223433,"date":"2025-07-04T07:57:25","date_gmt":"2025-07-04T14:57:25","guid":{"rendered":"https:\/\/rnoticias.com.mx\/Portal\/?p=223433"},"modified":"2025-07-04T07:57:25","modified_gmt":"2025-07-04T14:57:25","slug":"dora-la-exploradora-celebra-25-anos-en-tv","status":"publish","type":"post","link":"https:\/\/rnoticias.com.mx\/Portal\/2025\/07\/04\/dora-la-exploradora-celebra-25-anos-en-tv\/","title":{"rendered":"Dora la exploradora celebra 25 a\u00f1os en tv"},"content":{"rendered":"<p>Hace veinticinco a\u00f1os, una ni\u00f1a con un corte de cabello bob apareci\u00f3 en las pantallas de televisi\u00f3n, hablando una mezcla de ingl\u00e9s y espa\u00f1ol, con un esp\u00edritu valiente y decidido. Ten\u00eda una aventura planeada, una mochila, un amigo mono y canciones animadas.<\/p>\n<p><strong><em>\u201cHola, soy Dora. \u00bfC\u00f3mo te llamas?\u201d,<\/em><\/strong>\u00a0pregunt\u00f3. Esta era, por supuesto, Dora la Exploradora (en ingl\u00e9s Dora the Explorer), la primera latina en liderar una serie de dibujos animados importante y la ni\u00f1a que ayud\u00f3 a impulsar el auge de la programaci\u00f3n infantil multicultural en Estados Unidos en su camino a convertirse en un fen\u00f3meno cultural.<\/p>\n<p>Nickelodeon celebra el\u00a0<strong>25 aniversario de Dora<\/strong>\u00a0con la pel\u00edcula de acci\u00f3n en vivo Dora and the Search for Sol Dorado, una tercera temporada de la serie animada reiniciada Dora, el podcast Dora\u2019s Mermaid Adventures, un \u00e1lbum de canciones y una gran cantidad de juguetes y ropa.<\/p>\n<div id=\"eldia-1962823632\" class=\"eldia-contenido eldia-target\" data-eldia-trackid=\"1573641\" data-eldia-trackbid=\"1\"><\/div>\n<div id=\"eldia-2758480113\" class=\"eldia-contenido-2 eldia-target\" data-eldia-trackid=\"1765657\" data-eldia-trackbid=\"1\"><\/div>\n<p><strong><em>\u201cLo grandioso de Dora es que, s\u00ed, celebra la cultura latina en todos los aspectos: idioma, comida, vestimenta y m\u00fasica\u201d, dice Ramsey Naito, presidente de animaci\u00f3n en Paramount y Nickelodeon. \u201cPero tambi\u00e9n empodera a todos para ser su verdadero yo y ser valientes. No es exclusiva. Es inclusiva\u201d.<\/em><\/strong><\/p>\n<h2 class=\"wp-block-heading\">UNA SERIE QUE SE VE EN 150 PA\u00cdSES<\/h2>\n<p>Kathleen Herles fue la voz original de la peque\u00f1a hero\u00edna, elegida para el papel cuando ten\u00eda siete a\u00f1os y permaneciendo hasta que ten\u00eda 18 y se fue a la universidad.<\/p>\n<p>\u00daltimamente, Herles ha sido la actriz de voz de la mam\u00e1 de Dora en Dora, la nueva serie que comenz\u00f3 en 2024. Es un c\u00edrculo completo para la actriz y cantante<strong><em>: \u201cCambi\u00f3 mi vida para siempre, dos veces\u201d.<\/em><\/strong><\/p>\n<div class=\"stream-item stream-item-in-post stream-item-inline-post aligncenter\">\n<div class=\"stream-item-size\"><\/div>\n<\/div>\n<p><strong>La serie se ve en m\u00e1s de 150 pa\u00edses y territorios y se traduce a 32 idiomas en los canales de Nickelodeon y Paramount+.\u00a0<\/strong>En pa\u00edses de habla inglesa como Estados Unidos y Australia, Dora ense\u00f1a espa\u00f1ol; en otros mercados, incluidos los hispanos de Estados Unidos, ense\u00f1a ingl\u00e9s.<\/p>\n<p>&nbsp;<\/p>\n<p>AP<\/p>\n","protected":false},"excerpt":{"rendered":"<p>Hace veinticinco a\u00f1os, una ni\u00f1a con un corte de cabello bob apareci\u00f3 en las pantallas de televisi\u00f3n, hablando una mezcla de ingl\u00e9s y espa\u00f1ol, con un esp\u00edritu valiente y decidido. Ten\u00eda una aventura planeada, una mochila, un amigo mono y canciones animadas. \u201cHola, soy Dora. \u00bfC\u00f3mo te llamas?\u201d,\u00a0pregunt\u00f3. Esta era, por supuesto, Dora la Exploradora [&hellip;]<\/p>\n","protected":false},"author":2,"featured_media":223434,"comment_status":"closed","ping_status":"closed","sticky":false,"template":"","format":"standard","meta":{"footnotes":""},"categories":[12870,219],"tags":[12865,12875],"class_list":["post-223433","post","type-post","status-publish","format-standard","has-post-thumbnail","hentry","category-destacadas","category-espectaculos","tag-destacadas","tag-espectaculos"],"jetpack_featured_media_url":"https:\/\/rnoticias.com.mx\/Portal\/wp-content\/uploads\/2025\/07\/dys3dora-1024x572-1.jpg","amp_enabled":true,"_links":{"self":[{"href":"https:\/\/rnoticias.com.mx\/Portal\/wp-json\/wp\/v2\/posts\/223433","targetHints":{"allow":["GET"]}}],"collection":[{"href":"https:\/\/rnoticias.com.mx\/Portal\/wp-json\/wp\/v2\/posts"}],"about":[{"href":"https:\/\/rnoticias.com.mx\/Portal\/wp-json\/wp\/v2\/types\/post"}],"author":[{"embeddable":true,"href":"https:\/\/rnoticias.com.mx\/Portal\/wp-json\/wp\/v2\/users\/2"}],"replies":[{"embeddable":true,"href":"https:\/\/rnoticias.com.mx\/Portal\/wp-json\/wp\/v2\/comments?post=223433"}],"version-history":[{"count":1,"href":"https:\/\/rnoticias.com.mx\/Portal\/wp-json\/wp\/v2\/posts\/223433\/revisions"}],"predecessor-version":[{"id":223435,"href":"https:\/\/rnoticias.com.mx\/Portal\/wp-json\/wp\/v2\/posts\/223433\/revisions\/223435"}],"wp:featuredmedia":[{"embeddable":true,"href":"https:\/\/rnoticias.com.mx\/Portal\/wp-json\/wp\/v2\/media\/223434"}],"wp:attachment":[{"href":"https:\/\/rnoticias.com.mx\/Portal\/wp-json\/wp\/v2\/media?parent=223433"}],"wp:term":[{"taxonomy":"category","embeddable":true,"href":"https:\/\/rnoticias.com.mx\/Portal\/wp-json\/wp\/v2\/categories?post=223433"},{"taxonomy":"post_tag","embeddable":true,"href":"https:\/\/rnoticias.com.mx\/Portal\/wp-json\/wp\/v2\/tags?post=223433"}],"curies":[{"name":"wp","href":"https:\/\/api.w.org\/{rel}","templated":true}]}}