{"id":223421,"date":"2025-07-04T07:46:44","date_gmt":"2025-07-04T14:46:44","guid":{"rendered":"https:\/\/rnoticias.com.mx\/Portal\/?p=223421"},"modified":"2025-07-04T07:46:44","modified_gmt":"2025-07-04T14:46:44","slug":"invita-gobierno-de-sonora-a-disfrutar-obras-de-teatro-en-el-parque-infantil-de-dif-sonora","status":"publish","type":"post","link":"https:\/\/rnoticias.com.mx\/Portal\/2025\/07\/04\/invita-gobierno-de-sonora-a-disfrutar-obras-de-teatro-en-el-parque-infantil-de-dif-sonora\/","title":{"rendered":"Invita Gobierno de Sonora a disfrutar obras de teatro en el Parque Infantil de DIF Sonora"},"content":{"rendered":"<p>Hermosillo, Sonora; 4 de julio de 2025.- El Gobierno de Sonora, a trav\u00e9s del sistema DIF Sonora, invita a las familias a disfrutar de funciones gratuitas de teatro infantil durante los fines de semana del mes de julio, en el auditorio del Parque Infantil de Sonora.<\/p>\n<p>Con el objetivo de promover actividades recreativas y culturales durante el verano, todos los viernes, s\u00e1bados y domingos de julio se presentar\u00e1n dos obras de la compa\u00f1\u00eda Lormiga T\u00edteres: \u201cVolar-Volar\u201d, del 4 al 13 de julio, y \u201cAndanzas del Desierto\u201d, del 18 al 27 de julio, todas con horario de inicio a las 6:30 p.m.<\/p>\n<p>\u201cLa cultura tambi\u00e9n es parte fundamental del bienestar social, por eso desde DIF Sonora promovemos espacios donde ni\u00f1as y ni\u00f1os puedan aprender, jugar y so\u00f1ar en un ambiente seguro y accesible para todas y todos\u201d, expres\u00f3 Lizeth V\u00e1squez Ochoa, directora general del sistema DIF Sonora.<\/p>\n<p>La entrada general al Parque Infantil tiene un costo simb\u00f3lico de diez pesos por persona, mientras que las funciones teatrales no tendr\u00e1n ning\u00fan costo adicional. Adem\u00e1s, el parque cuenta con juegos mec\u00e1nicos y espacios adaptados para ni\u00f1as y ni\u00f1os con discapacidad.<\/p>\n<p>El Parque Infantil se encuentra ubicado en Av. Luis Donaldo Colosio s\/n, esquina con calle Morelia, en la colonia Centro.<\/p>\n","protected":false},"excerpt":{"rendered":"<p>Hermosillo, Sonora; 4 de julio de 2025.- El Gobierno de Sonora, a trav\u00e9s del sistema DIF Sonora, invita a las familias a disfrutar de funciones gratuitas de teatro infantil durante los fines de semana del mes de julio, en el auditorio del Parque Infantil de Sonora. Con el objetivo de promover actividades recreativas y culturales [&hellip;]<\/p>\n","protected":false},"author":2,"featured_media":223422,"comment_status":"closed","ping_status":"closed","sticky":false,"template":"","format":"standard","meta":{"footnotes":""},"categories":[12870,178],"tags":[12865,12869],"class_list":["post-223421","post","type-post","status-publish","format-standard","has-post-thumbnail","hentry","category-destacadas","category-local","tag-destacadas","tag-local"],"jetpack_featured_media_url":"https:\/\/rnoticias.com.mx\/Portal\/wp-content\/uploads\/2025\/07\/unnamed-3-1.jpg","amp_enabled":true,"_links":{"self":[{"href":"https:\/\/rnoticias.com.mx\/Portal\/wp-json\/wp\/v2\/posts\/223421","targetHints":{"allow":["GET"]}}],"collection":[{"href":"https:\/\/rnoticias.com.mx\/Portal\/wp-json\/wp\/v2\/posts"}],"about":[{"href":"https:\/\/rnoticias.com.mx\/Portal\/wp-json\/wp\/v2\/types\/post"}],"author":[{"embeddable":true,"href":"https:\/\/rnoticias.com.mx\/Portal\/wp-json\/wp\/v2\/users\/2"}],"replies":[{"embeddable":true,"href":"https:\/\/rnoticias.com.mx\/Portal\/wp-json\/wp\/v2\/comments?post=223421"}],"version-history":[{"count":1,"href":"https:\/\/rnoticias.com.mx\/Portal\/wp-json\/wp\/v2\/posts\/223421\/revisions"}],"predecessor-version":[{"id":223423,"href":"https:\/\/rnoticias.com.mx\/Portal\/wp-json\/wp\/v2\/posts\/223421\/revisions\/223423"}],"wp:featuredmedia":[{"embeddable":true,"href":"https:\/\/rnoticias.com.mx\/Portal\/wp-json\/wp\/v2\/media\/223422"}],"wp:attachment":[{"href":"https:\/\/rnoticias.com.mx\/Portal\/wp-json\/wp\/v2\/media?parent=223421"}],"wp:term":[{"taxonomy":"category","embeddable":true,"href":"https:\/\/rnoticias.com.mx\/Portal\/wp-json\/wp\/v2\/categories?post=223421"},{"taxonomy":"post_tag","embeddable":true,"href":"https:\/\/rnoticias.com.mx\/Portal\/wp-json\/wp\/v2\/tags?post=223421"}],"curies":[{"name":"wp","href":"https:\/\/api.w.org\/{rel}","templated":true}]}}