{"id":223418,"date":"2025-07-04T07:45:16","date_gmt":"2025-07-04T14:45:16","guid":{"rendered":"https:\/\/rnoticias.com.mx\/Portal\/?p=223418"},"modified":"2025-07-04T07:45:16","modified_gmt":"2025-07-04T14:45:16","slug":"gobierno-de-sonora-fortalece-acciones-de-prevencion-contra-el-gusano-barrenador-en-la-entidad","status":"publish","type":"post","link":"https:\/\/rnoticias.com.mx\/Portal\/2025\/07\/04\/gobierno-de-sonora-fortalece-acciones-de-prevencion-contra-el-gusano-barrenador-en-la-entidad\/","title":{"rendered":"Gobierno de Sonora fortalece acciones de prevenci\u00f3n contra el gusano barrenador en la entidad"},"content":{"rendered":"<p>Hermosillo, Sonora; 4 de julio de 2025.- Por instrucciones del gobernador Alfonso Durazo Monta\u00f1o, se implementar\u00e1n capacitaciones en distintas localidades del estado dirigidas a productores y ganaderos, con el objetivo de informar sobre los riesgos y medidas preventivas ante la presencia del gusano barrenador en el pa\u00eds. Estas acciones forman parte de una estrategia interinstitucional para proteger la salud animal y humana en Sonora.<\/p>\n<p>En estas jornadas participan activamente la Uni\u00f3n Ganadera Regional de Sonora, la Secretar\u00eda de Agricultura y Desarrollo Rural (SADER), la Secretar\u00eda de Agricultura, Ganader\u00eda, Recursos Hidr\u00e1ulicos, Pesca y Acuacultura (Sagarhpa), as\u00ed como la Secretar\u00eda de Salud estatal, fortaleciendo el trabajo conjunto entre los sectores productivo y de salud.<\/p>\n<p>La Secretar\u00eda de Salud se suma con un enfoque preventivo, al informar que el gusano barrenador no solo representa un riesgo para el ganado, sino tambi\u00e9n para las personas, ya que puede provocar una enfermedad llamada miasis. Es fundamental mantener informada a la ciudadan\u00eda sobre los s\u00edntomas, v\u00edas de transmisi\u00f3n y reforzar las medidas de higiene y atenci\u00f3n m\u00e9dica oportuna.<\/p>\n<p>Gracias a los esfuerzos coordinados y la vigilancia sanitaria permanente, en Sonora no se han registrado casos de miasis por gusano barrenador en humanos, lo que posiciona al estado como un referente nacional en control sanitario y prevenci\u00f3n de enfermedades zoon\u00f3ticas.<\/p>\n<p>Las autoridades reafirman su compromiso de continuar trabajando en equipo, fortaleciendo las acciones de capacitaci\u00f3n, vigilancia y control en todo el estado. La participaci\u00f3n activa de los ganaderos y la colaboraci\u00f3n entre instituciones son clave para mantener la sanidad en el sector y proteger la salud p\u00fablica.<\/p>\n<p>Con estas acciones, el Gobierno de Sonora refrenda su compromiso de velar por el bienestar de todas y todos los sonorenses, asegurando entornos m\u00e1s saludables y libres de enfermedades transmitidas por vectores.<\/p>\n","protected":false},"excerpt":{"rendered":"<p>Hermosillo, Sonora; 4 de julio de 2025.- Por instrucciones del gobernador Alfonso Durazo Monta\u00f1o, se implementar\u00e1n capacitaciones en distintas localidades del estado dirigidas a productores y ganaderos, con el objetivo de informar sobre los riesgos y medidas preventivas ante la presencia del gusano barrenador en el pa\u00eds. Estas acciones forman parte de una estrategia interinstitucional [&hellip;]<\/p>\n","protected":false},"author":2,"featured_media":223419,"comment_status":"closed","ping_status":"closed","sticky":false,"template":"","format":"standard","meta":{"footnotes":""},"categories":[178],"tags":[12869],"class_list":["post-223418","post","type-post","status-publish","format-standard","has-post-thumbnail","hentry","category-local","tag-local"],"jetpack_featured_media_url":"https:\/\/rnoticias.com.mx\/Portal\/wp-content\/uploads\/2025\/07\/unnamed-2-1.jpg","amp_enabled":true,"_links":{"self":[{"href":"https:\/\/rnoticias.com.mx\/Portal\/wp-json\/wp\/v2\/posts\/223418","targetHints":{"allow":["GET"]}}],"collection":[{"href":"https:\/\/rnoticias.com.mx\/Portal\/wp-json\/wp\/v2\/posts"}],"about":[{"href":"https:\/\/rnoticias.com.mx\/Portal\/wp-json\/wp\/v2\/types\/post"}],"author":[{"embeddable":true,"href":"https:\/\/rnoticias.com.mx\/Portal\/wp-json\/wp\/v2\/users\/2"}],"replies":[{"embeddable":true,"href":"https:\/\/rnoticias.com.mx\/Portal\/wp-json\/wp\/v2\/comments?post=223418"}],"version-history":[{"count":1,"href":"https:\/\/rnoticias.com.mx\/Portal\/wp-json\/wp\/v2\/posts\/223418\/revisions"}],"predecessor-version":[{"id":223420,"href":"https:\/\/rnoticias.com.mx\/Portal\/wp-json\/wp\/v2\/posts\/223418\/revisions\/223420"}],"wp:featuredmedia":[{"embeddable":true,"href":"https:\/\/rnoticias.com.mx\/Portal\/wp-json\/wp\/v2\/media\/223419"}],"wp:attachment":[{"href":"https:\/\/rnoticias.com.mx\/Portal\/wp-json\/wp\/v2\/media?parent=223418"}],"wp:term":[{"taxonomy":"category","embeddable":true,"href":"https:\/\/rnoticias.com.mx\/Portal\/wp-json\/wp\/v2\/categories?post=223418"},{"taxonomy":"post_tag","embeddable":true,"href":"https:\/\/rnoticias.com.mx\/Portal\/wp-json\/wp\/v2\/tags?post=223418"}],"curies":[{"name":"wp","href":"https:\/\/api.w.org\/{rel}","templated":true}]}}