{"id":223402,"date":"2025-07-03T12:11:33","date_gmt":"2025-07-03T19:11:33","guid":{"rendered":"https:\/\/rnoticias.com.mx\/Portal\/?p=223402"},"modified":"2025-07-03T12:11:33","modified_gmt":"2025-07-03T19:11:33","slug":"feria-del-cobre-dejo-importante-derrama-economica-en-cananea","status":"publish","type":"post","link":"https:\/\/rnoticias.com.mx\/Portal\/2025\/07\/03\/feria-del-cobre-dejo-importante-derrama-economica-en-cananea\/","title":{"rendered":"Feria del Cobre dej\u00f3 importante derrama econ\u00f3mica en Cananea"},"content":{"rendered":"<p>La pasada Feria del Cobre 2025 gener\u00f3 un notable incremento en las ventas del comercio local, con una derrama econ\u00f3mica superior a la registrada en a\u00f1os anteriores, inform\u00f3 Dolores Canchola F\u00e9lix, presidenta de la C\u00e1mara Nacional de Comercio (Canaco) en Cananea.<\/p>\n<p>&nbsp;<\/p>\n<p>La l\u00edder empresarial detall\u00f3 que los negocios reportaron un aumento en ventas de entre 25 y 30 por ciento durante la semana de actividades, superando incluso el repunte econ\u00f3mico que suele presentarse con la entrega de utilidades.<\/p>\n<p>&nbsp;<\/p>\n<p>\u201cEn la feria del cobre hubo un incremento, tuvieron un incremento de ventas entre\u00a0el 25 y el 30 por ciento, desde los giros de venta de comida, por supuesto,\u00a0no venta de cerveza, pero tiendas de ropa, de calzado, las tiendas de\u00a0conveniencia o de auto, bueno, departamentales, perd\u00f3n, como como\u00a0Coppel, en diferentes giros, s\u00ed hubo bastante venta\u201d, asegur\u00f3.<\/p>\n<p>&nbsp;<\/p>\n<p>Canchola F\u00e9lix, indic\u00f3 que el \u00e9xito econ\u00f3mico que se gener\u00f3 en esos festejos que dieron inicio desde el 5 de junio pasado, fue por la realizaci\u00f3n de eventos en el Museo de la Lucha Obrera, en el parque del DIF, el D\u00eda del Padre y la visita de familiares de otras ciudades tambi\u00e9n favorecieron el repunte en distintos sectores comerciales, incluidos los de regalos y art\u00edculos para el hogar.<\/p>\n","protected":false},"excerpt":{"rendered":"<p>La pasada Feria del Cobre 2025 gener\u00f3 un notable incremento en las ventas del comercio local, con una derrama econ\u00f3mica superior a la registrada en a\u00f1os anteriores, inform\u00f3 Dolores Canchola F\u00e9lix, presidenta de la C\u00e1mara Nacional de Comercio (Canaco) en Cananea. &nbsp; La l\u00edder empresarial detall\u00f3 que los negocios reportaron un aumento en ventas de [&hellip;]<\/p>\n","protected":false},"author":2,"featured_media":223403,"comment_status":"closed","ping_status":"closed","sticky":false,"template":"","format":"standard","meta":{"footnotes":""},"categories":[12870,174],"tags":[12865,12873],"class_list":["post-223402","post","type-post","status-publish","format-standard","has-post-thumbnail","hentry","category-destacadas","category-estatal","tag-destacadas","tag-estatal"],"jetpack_featured_media_url":"https:\/\/rnoticias.com.mx\/Portal\/wp-content\/uploads\/2025\/07\/logo-canaco-cananea.png","amp_enabled":true,"_links":{"self":[{"href":"https:\/\/rnoticias.com.mx\/Portal\/wp-json\/wp\/v2\/posts\/223402","targetHints":{"allow":["GET"]}}],"collection":[{"href":"https:\/\/rnoticias.com.mx\/Portal\/wp-json\/wp\/v2\/posts"}],"about":[{"href":"https:\/\/rnoticias.com.mx\/Portal\/wp-json\/wp\/v2\/types\/post"}],"author":[{"embeddable":true,"href":"https:\/\/rnoticias.com.mx\/Portal\/wp-json\/wp\/v2\/users\/2"}],"replies":[{"embeddable":true,"href":"https:\/\/rnoticias.com.mx\/Portal\/wp-json\/wp\/v2\/comments?post=223402"}],"version-history":[{"count":1,"href":"https:\/\/rnoticias.com.mx\/Portal\/wp-json\/wp\/v2\/posts\/223402\/revisions"}],"predecessor-version":[{"id":223404,"href":"https:\/\/rnoticias.com.mx\/Portal\/wp-json\/wp\/v2\/posts\/223402\/revisions\/223404"}],"wp:featuredmedia":[{"embeddable":true,"href":"https:\/\/rnoticias.com.mx\/Portal\/wp-json\/wp\/v2\/media\/223403"}],"wp:attachment":[{"href":"https:\/\/rnoticias.com.mx\/Portal\/wp-json\/wp\/v2\/media?parent=223402"}],"wp:term":[{"taxonomy":"category","embeddable":true,"href":"https:\/\/rnoticias.com.mx\/Portal\/wp-json\/wp\/v2\/categories?post=223402"},{"taxonomy":"post_tag","embeddable":true,"href":"https:\/\/rnoticias.com.mx\/Portal\/wp-json\/wp\/v2\/tags?post=223402"}],"curies":[{"name":"wp","href":"https:\/\/api.w.org\/{rel}","templated":true}]}}