{"id":223399,"date":"2025-07-03T12:05:44","date_gmt":"2025-07-03T19:05:44","guid":{"rendered":"https:\/\/rnoticias.com.mx\/Portal\/?p=223399"},"modified":"2025-07-03T12:05:44","modified_gmt":"2025-07-03T19:05:44","slug":"llama-canaco-penasco-a-implementar-reforma-laboral-de-forma-gradual-y-consensuada","status":"publish","type":"post","link":"https:\/\/rnoticias.com.mx\/Portal\/2025\/07\/03\/llama-canaco-penasco-a-implementar-reforma-laboral-de-forma-gradual-y-consensuada\/","title":{"rendered":"Llama CANACO Pe\u00f1asco a implementar reforma laboral de forma gradual y consensuada"},"content":{"rendered":"<p>La propuesta de reducci\u00f3n de la jornada laboral debe analizarse cuidadosamente y aplicarse de forma gradual, advirti\u00f3 Alan Renter\u00eda Morales, presidente de la C\u00e1mara Nacional de Comercio, Servicios y Turismo (CANACO) en Puerto Pe\u00f1asco.<\/p>\n<p>&nbsp;<\/p>\n<p>El l\u00edder empresarial en ese municipio, se\u00f1al\u00f3 que una implementaci\u00f3n apresurada podr\u00eda en esa materia, podr\u00eda tener consecuencias negativas para las empresas y los empleos.<\/p>\n<p>&nbsp;<\/p>\n<p>\u201cVamos a\u00a0estar colaborando para que se llegue a una soluci\u00f3n o a una iniciativa de ley\u00a0que no sacrifique ninguno de los de los dos lados \u00bfno? Entendiendo que los\u00a0principales, porque ahorita lo he mencionado y en alguna ocasi\u00f3n ahorita estamos\u00a0hablando de reducci\u00f3n laboral, si esto no lo llevamos a cabo de una manera\u00a0planeada, de una manera gradual, de una manera que se entienda la realidad de los diferentes tipos de empresas, vamos a estar hablando de desempleos\u201d, enfatiz\u00f3.<\/p>\n<p>&nbsp;<\/p>\n<p>Renter\u00eda Morales, destac\u00f3 que el sentir del sector empresarial ha sido claro no solo en Puerto Pe\u00f1asco, sino en todo el pa\u00eds, y que es necesario que las reformas se construyan con base en el di\u00e1logo y la colaboraci\u00f3n.<\/p>\n","protected":false},"excerpt":{"rendered":"<p>La propuesta de reducci\u00f3n de la jornada laboral debe analizarse cuidadosamente y aplicarse de forma gradual, advirti\u00f3 Alan Renter\u00eda Morales, presidente de la C\u00e1mara Nacional de Comercio, Servicios y Turismo (CANACO) en Puerto Pe\u00f1asco. &nbsp; El l\u00edder empresarial en ese municipio, se\u00f1al\u00f3 que una implementaci\u00f3n apresurada podr\u00eda en esa materia, podr\u00eda tener consecuencias negativas para [&hellip;]<\/p>\n","protected":false},"author":2,"featured_media":223400,"comment_status":"closed","ping_status":"closed","sticky":false,"template":"","format":"standard","meta":{"footnotes":""},"categories":[12870,174],"tags":[12865,12873],"class_list":["post-223399","post","type-post","status-publish","format-standard","has-post-thumbnail","hentry","category-destacadas","category-estatal","tag-destacadas","tag-estatal"],"jetpack_featured_media_url":"https:\/\/rnoticias.com.mx\/Portal\/wp-content\/uploads\/2025\/07\/images-1.jpg","amp_enabled":true,"_links":{"self":[{"href":"https:\/\/rnoticias.com.mx\/Portal\/wp-json\/wp\/v2\/posts\/223399","targetHints":{"allow":["GET"]}}],"collection":[{"href":"https:\/\/rnoticias.com.mx\/Portal\/wp-json\/wp\/v2\/posts"}],"about":[{"href":"https:\/\/rnoticias.com.mx\/Portal\/wp-json\/wp\/v2\/types\/post"}],"author":[{"embeddable":true,"href":"https:\/\/rnoticias.com.mx\/Portal\/wp-json\/wp\/v2\/users\/2"}],"replies":[{"embeddable":true,"href":"https:\/\/rnoticias.com.mx\/Portal\/wp-json\/wp\/v2\/comments?post=223399"}],"version-history":[{"count":1,"href":"https:\/\/rnoticias.com.mx\/Portal\/wp-json\/wp\/v2\/posts\/223399\/revisions"}],"predecessor-version":[{"id":223401,"href":"https:\/\/rnoticias.com.mx\/Portal\/wp-json\/wp\/v2\/posts\/223399\/revisions\/223401"}],"wp:featuredmedia":[{"embeddable":true,"href":"https:\/\/rnoticias.com.mx\/Portal\/wp-json\/wp\/v2\/media\/223400"}],"wp:attachment":[{"href":"https:\/\/rnoticias.com.mx\/Portal\/wp-json\/wp\/v2\/media?parent=223399"}],"wp:term":[{"taxonomy":"category","embeddable":true,"href":"https:\/\/rnoticias.com.mx\/Portal\/wp-json\/wp\/v2\/categories?post=223399"},{"taxonomy":"post_tag","embeddable":true,"href":"https:\/\/rnoticias.com.mx\/Portal\/wp-json\/wp\/v2\/tags?post=223399"}],"curies":[{"name":"wp","href":"https:\/\/api.w.org\/{rel}","templated":true}]}}