{"id":223396,"date":"2025-07-03T12:01:45","date_gmt":"2025-07-03T19:01:45","guid":{"rendered":"https:\/\/rnoticias.com.mx\/Portal\/?p=223396"},"modified":"2025-07-03T12:01:45","modified_gmt":"2025-07-03T19:01:45","slug":"atencion-medica-llega-a-los-hogares-de-sonora-con-mas-de-8-mil-visitas","status":"publish","type":"post","link":"https:\/\/rnoticias.com.mx\/Portal\/2025\/07\/03\/atencion-medica-llega-a-los-hogares-de-sonora-con-mas-de-8-mil-visitas\/","title":{"rendered":"Atenci\u00f3n m\u00e9dica llega a los hogares de Sonora con m\u00e1s de 8 mil visitas"},"content":{"rendered":"<p>El programa federal Salud Casa por Casa ha permitido acercar servicios m\u00e9dicos a la poblaci\u00f3n vulnerable en Sonora, con m\u00e1s de 8 mil 800 visitas realizadas desde su inicio, inform\u00f3 Octavio Almada Palafox.<\/p>\n<p>&nbsp;<\/p>\n<p>El delegado de la Secretar\u00eda del Bienestar en Sonora, explic\u00f3 que cerca del 60 por ciento de las personas atendidas son mayores de 60 a\u00f1os, un sector prioritario por las condiciones de salud que enfrentan.<\/p>\n<p>&nbsp;<\/p>\n<p>\u201cYa ver esta parte echa realidad del personal de salud en las casas de personas con discapacidad, nos da mucho gusto porque se cumple una vez m\u00e1s el compromiso de la presidenta en algo que no exist\u00eda, que era la atenci\u00f3n medica en los hogares de las personas con discapacidad. Visitamos varios horarios hogares en varios municipios desde Nogales, Caborca, Cananea, Huatabampo, \u00c1lamos, Navojoa\u201d, dijo.<\/p>\n<p>&nbsp;<\/p>\n<p>Detall\u00f3, que la mayor\u00eda de las atenciones han sido dirigidas a adultos mayores que padecen enfermedades cr\u00f3nicas como hipertensi\u00f3n y diabetes, y actualmente m\u00e1s de 300 mil personas se han inscrito al programa en el estado.<\/p>\n<p>&nbsp;<\/p>\n<p>Subray\u00f3, adem\u00e1s, que este modelo de atenci\u00f3n domiciliaria ha sido bien recibido en comunidades donde el acceso a servicios m\u00e9dicos es limitado.<\/p>\n<p>&nbsp;<\/p>\n<p>&nbsp;<\/p>\n","protected":false},"excerpt":{"rendered":"<p>El programa federal Salud Casa por Casa ha permitido acercar servicios m\u00e9dicos a la poblaci\u00f3n vulnerable en Sonora, con m\u00e1s de 8 mil 800 visitas realizadas desde su inicio, inform\u00f3 Octavio Almada Palafox. &nbsp; El delegado de la Secretar\u00eda del Bienestar en Sonora, explic\u00f3 que cerca del 60 por ciento de las personas atendidas son [&hellip;]<\/p>\n","protected":false},"author":2,"featured_media":223397,"comment_status":"closed","ping_status":"closed","sticky":false,"template":"","format":"standard","meta":{"footnotes":""},"categories":[12870,178],"tags":[12865,12869],"class_list":["post-223396","post","type-post","status-publish","format-standard","has-post-thumbnail","hentry","category-destacadas","category-local","tag-destacadas","tag-local"],"jetpack_featured_media_url":"https:\/\/rnoticias.com.mx\/Portal\/wp-content\/uploads\/2025\/07\/bienestar-avanza-en-visitas-medicas-casa-por-casa-a60cbc06-focus-0-0-696-391.webp","amp_enabled":true,"_links":{"self":[{"href":"https:\/\/rnoticias.com.mx\/Portal\/wp-json\/wp\/v2\/posts\/223396","targetHints":{"allow":["GET"]}}],"collection":[{"href":"https:\/\/rnoticias.com.mx\/Portal\/wp-json\/wp\/v2\/posts"}],"about":[{"href":"https:\/\/rnoticias.com.mx\/Portal\/wp-json\/wp\/v2\/types\/post"}],"author":[{"embeddable":true,"href":"https:\/\/rnoticias.com.mx\/Portal\/wp-json\/wp\/v2\/users\/2"}],"replies":[{"embeddable":true,"href":"https:\/\/rnoticias.com.mx\/Portal\/wp-json\/wp\/v2\/comments?post=223396"}],"version-history":[{"count":1,"href":"https:\/\/rnoticias.com.mx\/Portal\/wp-json\/wp\/v2\/posts\/223396\/revisions"}],"predecessor-version":[{"id":223398,"href":"https:\/\/rnoticias.com.mx\/Portal\/wp-json\/wp\/v2\/posts\/223396\/revisions\/223398"}],"wp:featuredmedia":[{"embeddable":true,"href":"https:\/\/rnoticias.com.mx\/Portal\/wp-json\/wp\/v2\/media\/223397"}],"wp:attachment":[{"href":"https:\/\/rnoticias.com.mx\/Portal\/wp-json\/wp\/v2\/media?parent=223396"}],"wp:term":[{"taxonomy":"category","embeddable":true,"href":"https:\/\/rnoticias.com.mx\/Portal\/wp-json\/wp\/v2\/categories?post=223396"},{"taxonomy":"post_tag","embeddable":true,"href":"https:\/\/rnoticias.com.mx\/Portal\/wp-json\/wp\/v2\/tags?post=223396"}],"curies":[{"name":"wp","href":"https:\/\/api.w.org\/{rel}","templated":true}]}}