{"id":223390,"date":"2025-07-03T11:48:14","date_gmt":"2025-07-03T18:48:14","guid":{"rendered":"https:\/\/rnoticias.com.mx\/Portal\/?p=223390"},"modified":"2025-07-03T11:48:14","modified_gmt":"2025-07-03T18:48:14","slug":"eu-detiene-a-julio-cesar-chavez-jr-lo-acusa-de-vinculos-con-cartel-de-sinaloa","status":"publish","type":"post","link":"https:\/\/rnoticias.com.mx\/Portal\/2025\/07\/03\/eu-detiene-a-julio-cesar-chavez-jr-lo-acusa-de-vinculos-con-cartel-de-sinaloa\/","title":{"rendered":"EU detiene a Julio C\u00e9sar Ch\u00e1vez Jr.; lo acusa de v\u00ednculos con C\u00e1rtel de Sinaloa"},"content":{"rendered":"<p>El Servicio de Inmigraci\u00f3n y Aduanas de Estados Unidos detuvo al boxeador mexicano Julio C\u00e9sar Ch\u00e1vez Jr,\u00a0<strong>acus\u00e1ndolo de v\u00ednculos por el C\u00e1rtel de Sinaloa.<\/strong><\/p>\n<p>En un comunicado, el Departamento de Seguridad Nacional (DHS) inform\u00f3 de la detenci\u00f3n y tach\u00f3 a Ch\u00e1vez Jr., hijo del tambi\u00e9n boxeador Julio C\u00e9sar Ch\u00e1vez,<\/p>\n<p>Dijo adem\u00e1s que\u00a0<strong><em>\u201cse est\u00e1 tramitando su expulsi\u00f3n acelerada de Estados Unidos. Este afiliado del C\u00e1rtel de Sinaloa tiene una orden de arresto activa en M\u00e9xico por su participaci\u00f3n en el crimen organizado y el tr\u00e1fico de armas de fuego, municiones y explosivos\u201d.<\/em><\/strong><\/p>\n<div id=\"eldia-3337717376\" class=\"eldia-contenido eldia-target\" data-eldia-trackid=\"1573641\" data-eldia-trackbid=\"1\"><\/div>\n<div id=\"eldia-3367962679\" class=\"eldia-contenido-2 eldia-target\" data-eldia-trackid=\"1765657\" data-eldia-trackbid=\"1\"><\/div>\n<h2 class=\"wp-block-heading\">Detienen a Julio C\u00e9sar Ch\u00e1vez Jr. en California por v\u00ednculos con Cartel de Sinaloa<\/h2>\n<p>El comunicado se\u00f1ala que\u00a0<strong><em>\u201cCh\u00e1vez es un ciudadano mexicano que tiene una orden de aprehensi\u00f3n activa en M\u00e9xico por su participaci\u00f3n en el crimen organizado y tr\u00e1fico de armas de fuego, municiones y explosivos\u201d.<\/em><\/strong><\/p>\n<p>Explica que el boxeador entr\u00f3 legalmente en Estados Unidos en agosto de 2023 con un visado de turista B2 v\u00e1lido hasta febrero de 2024.<\/p>\n<p><em><strong>\u201cSe cree que Ch\u00e1vez es un afiliado del C\u00e1rtel de Sinaloa, una Organizaci\u00f3n Terrorista Extranjera designada. El ICE detuvo a Ch\u00e1vez en Studio City, California, el 2 de julio\u201d.<\/strong><\/em><\/p>\n<div class=\"stream-item stream-item-in-post stream-item-inline-post aligncenter\">\n<div class=\"stream-item-size\"><\/div>\n<\/div>\n<p>Seg\u00fan el DHS,\u00a0<strong><em>\u201cel 2 de abril de 2024, Ch\u00e1vez present\u00f3 una solicitud de residencia permanente legal. La solicitud de Ch\u00e1vez se basaba en su matrimonio con una ciudadana estadounidense, vinculada al C\u00e1rtel de Sinaloa por una relaci\u00f3n anterior con el hijo, ya fallecido, del infame l\u00edder del c\u00e1rtel Joaqu\u00edn \u201cEl Chapo\u2019 Guzm\u00e1n\u201d.<\/em><\/strong><\/p>\n","protected":false},"excerpt":{"rendered":"<p>El Servicio de Inmigraci\u00f3n y Aduanas de Estados Unidos detuvo al boxeador mexicano Julio C\u00e9sar Ch\u00e1vez Jr,\u00a0acus\u00e1ndolo de v\u00ednculos por el C\u00e1rtel de Sinaloa. En un comunicado, el Departamento de Seguridad Nacional (DHS) inform\u00f3 de la detenci\u00f3n y tach\u00f3 a Ch\u00e1vez Jr., hijo del tambi\u00e9n boxeador Julio C\u00e9sar Ch\u00e1vez, Dijo adem\u00e1s que\u00a0\u201cse est\u00e1 tramitando su [&hellip;]<\/p>\n","protected":false},"author":2,"featured_media":223391,"comment_status":"closed","ping_status":"closed","sticky":false,"template":"","format":"standard","meta":{"footnotes":""},"categories":[188,12870],"tags":[5231,12865],"class_list":["post-223390","post","type-post","status-publish","format-standard","has-post-thumbnail","hentry","category-deportes","category-destacadas","tag-deportes","tag-destacadas"],"jetpack_featured_media_url":"https:\/\/rnoticias.com.mx\/Portal\/wp-content\/uploads\/2025\/07\/AA1HVfJD.jpg","amp_enabled":true,"_links":{"self":[{"href":"https:\/\/rnoticias.com.mx\/Portal\/wp-json\/wp\/v2\/posts\/223390","targetHints":{"allow":["GET"]}}],"collection":[{"href":"https:\/\/rnoticias.com.mx\/Portal\/wp-json\/wp\/v2\/posts"}],"about":[{"href":"https:\/\/rnoticias.com.mx\/Portal\/wp-json\/wp\/v2\/types\/post"}],"author":[{"embeddable":true,"href":"https:\/\/rnoticias.com.mx\/Portal\/wp-json\/wp\/v2\/users\/2"}],"replies":[{"embeddable":true,"href":"https:\/\/rnoticias.com.mx\/Portal\/wp-json\/wp\/v2\/comments?post=223390"}],"version-history":[{"count":1,"href":"https:\/\/rnoticias.com.mx\/Portal\/wp-json\/wp\/v2\/posts\/223390\/revisions"}],"predecessor-version":[{"id":223392,"href":"https:\/\/rnoticias.com.mx\/Portal\/wp-json\/wp\/v2\/posts\/223390\/revisions\/223392"}],"wp:featuredmedia":[{"embeddable":true,"href":"https:\/\/rnoticias.com.mx\/Portal\/wp-json\/wp\/v2\/media\/223391"}],"wp:attachment":[{"href":"https:\/\/rnoticias.com.mx\/Portal\/wp-json\/wp\/v2\/media?parent=223390"}],"wp:term":[{"taxonomy":"category","embeddable":true,"href":"https:\/\/rnoticias.com.mx\/Portal\/wp-json\/wp\/v2\/categories?post=223390"},{"taxonomy":"post_tag","embeddable":true,"href":"https:\/\/rnoticias.com.mx\/Portal\/wp-json\/wp\/v2\/tags?post=223390"}],"curies":[{"name":"wp","href":"https:\/\/api.w.org\/{rel}","templated":true}]}}