{"id":223387,"date":"2025-07-03T08:55:36","date_gmt":"2025-07-03T15:55:36","guid":{"rendered":"https:\/\/rnoticias.com.mx\/Portal\/?p=223387"},"modified":"2025-07-03T08:55:36","modified_gmt":"2025-07-03T15:55:36","slug":"putin-sostendra-una-conversacion-telefonica-este-jueves-con-trump","status":"publish","type":"post","link":"https:\/\/rnoticias.com.mx\/Portal\/2025\/07\/03\/putin-sostendra-una-conversacion-telefonica-este-jueves-con-trump\/","title":{"rendered":"Putin sostendr\u00e1 una conversaci\u00f3n telef\u00f3nica este jueves con Trump"},"content":{"rendered":"<p>El presidente de Rusia, Vlad\u00edmir Putin, anunci\u00f3 que mantendr\u00e1 esta tarde una conversaci\u00f3n telef\u00f3nica con su hom\u00f3logo estadounidense, Donald Trump.<\/p>\n<div class=\"jeg_ad jeg_ad_article jnews_content_inline_ads  \"><\/div>\n<p>\u201cHoy hablar\u00e9 con el presidente Trump\u201d, dijo el jefe del Kremlin durante la intervenci\u00f3n en el foro \u201cIdeas s\u00f3lidas para tiempos nuevos\u201d.<\/p>\n<p>La anterior llamada telef\u00f3nica entre ambos l\u00edderes tuvo lugar el pasado 14 de junio, coincidiendo con el 79 cumplea\u00f1os del mandatario estadounidense.<\/p>\n<p>Este jueves, el portavoz de la Presidencia rusa, Dmitri Peskov, fue preguntado sobre si Putin planeaba hablar con Trump con ocasi\u00f3n del 4 de julio, D\u00eda de la Independencia de EE.UU., y respondi\u00f3 que el Kremlin informar\u00eda si esta conversaci\u00f3n llega a celebrarse.<\/p>\n<p>A la vez, Peskov s\u00ed adelant\u00f3 que la agenda de Putin para este jueves inclu\u00eda una \u201cllamada telef\u00f3nica internacional\u201d.<\/p>\n<p>El propio Trump anunci\u00f3 a finales de junio que planeaba volver a conversar con su colega ruso, con el que ya ha mantenido cinco llamadas telef\u00f3nicas este a\u00f1o.<\/p>\n<p>El l\u00edder estadounidense reconoci\u00f3 entonces que el arreglo de la guerra en Ucrania result\u00f3 ser m\u00e1s complejo de lo que se esperaba.<\/p>\n<p>Esta conversaci\u00f3n entre ambos l\u00edderes tendr\u00e1 lugar poco despu\u00e9s de que Washington decidiera suspender algunos env\u00edos de armas a Ucrania tras una revisi\u00f3n de su gasto militar.<\/p>\n<p>Esta semana Putin tambi\u00e9n convers\u00f3 con su hom\u00f3logo franc\u00e9s, Emmanuel Macron, por primera vez en casi tres a\u00f1os.<\/p>\n","protected":false},"excerpt":{"rendered":"<p>El presidente de Rusia, Vlad\u00edmir Putin, anunci\u00f3 que mantendr\u00e1 esta tarde una conversaci\u00f3n telef\u00f3nica con su hom\u00f3logo estadounidense, Donald Trump. \u201cHoy hablar\u00e9 con el presidente Trump\u201d, dijo el jefe del Kremlin durante la intervenci\u00f3n en el foro \u201cIdeas s\u00f3lidas para tiempos nuevos\u201d. La anterior llamada telef\u00f3nica entre ambos l\u00edderes tuvo lugar el pasado 14 de [&hellip;]<\/p>\n","protected":false},"author":2,"featured_media":223388,"comment_status":"closed","ping_status":"closed","sticky":false,"template":"","format":"standard","meta":{"footnotes":""},"categories":[12870,182],"tags":[12865,12871],"class_list":["post-223387","post","type-post","status-publish","format-standard","has-post-thumbnail","hentry","category-destacadas","category-internacional","tag-destacadas","tag-internacional"],"jetpack_featured_media_url":"https:\/\/rnoticias.com.mx\/Portal\/wp-content\/uploads\/2025\/07\/71968007_1006.webp","amp_enabled":true,"_links":{"self":[{"href":"https:\/\/rnoticias.com.mx\/Portal\/wp-json\/wp\/v2\/posts\/223387","targetHints":{"allow":["GET"]}}],"collection":[{"href":"https:\/\/rnoticias.com.mx\/Portal\/wp-json\/wp\/v2\/posts"}],"about":[{"href":"https:\/\/rnoticias.com.mx\/Portal\/wp-json\/wp\/v2\/types\/post"}],"author":[{"embeddable":true,"href":"https:\/\/rnoticias.com.mx\/Portal\/wp-json\/wp\/v2\/users\/2"}],"replies":[{"embeddable":true,"href":"https:\/\/rnoticias.com.mx\/Portal\/wp-json\/wp\/v2\/comments?post=223387"}],"version-history":[{"count":1,"href":"https:\/\/rnoticias.com.mx\/Portal\/wp-json\/wp\/v2\/posts\/223387\/revisions"}],"predecessor-version":[{"id":223389,"href":"https:\/\/rnoticias.com.mx\/Portal\/wp-json\/wp\/v2\/posts\/223387\/revisions\/223389"}],"wp:featuredmedia":[{"embeddable":true,"href":"https:\/\/rnoticias.com.mx\/Portal\/wp-json\/wp\/v2\/media\/223388"}],"wp:attachment":[{"href":"https:\/\/rnoticias.com.mx\/Portal\/wp-json\/wp\/v2\/media?parent=223387"}],"wp:term":[{"taxonomy":"category","embeddable":true,"href":"https:\/\/rnoticias.com.mx\/Portal\/wp-json\/wp\/v2\/categories?post=223387"},{"taxonomy":"post_tag","embeddable":true,"href":"https:\/\/rnoticias.com.mx\/Portal\/wp-json\/wp\/v2\/tags?post=223387"}],"curies":[{"name":"wp","href":"https:\/\/api.w.org\/{rel}","templated":true}]}}