{"id":223375,"date":"2025-07-03T08:38:46","date_gmt":"2025-07-03T15:38:46","guid":{"rendered":"https:\/\/rnoticias.com.mx\/Portal\/?p=223375"},"modified":"2025-07-03T08:38:46","modified_gmt":"2025-07-03T15:38:46","slug":"vacunarse-a-tiempo-protege-la-salud-en-cada-etapa-de-la-vida-gobierno-de-sonora","status":"publish","type":"post","link":"https:\/\/rnoticias.com.mx\/Portal\/2025\/07\/03\/vacunarse-a-tiempo-protege-la-salud-en-cada-etapa-de-la-vida-gobierno-de-sonora\/","title":{"rendered":"Vacunarse a tiempo protege la salud en cada etapa de la vida: Gobierno de Sonora"},"content":{"rendered":"<p>Hermosillo, Sonora; 3 de julio de 2025.- La vacunaci\u00f3n universal es una de las medidas de salud p\u00fablica m\u00e1s efectivas para prevenir enfermedades, proteger a las comunidades y salvar vidas. Por ello, el Gobierno de Sonora, a trav\u00e9s de la Secretar\u00eda de Salud (SSP), hizo un llamado a la poblaci\u00f3n a mantener actualizado el esquema de vacunaci\u00f3n, desde la infancia hasta la edad adulta.<\/p>\n<p>Cada etapa de la vida tiene vacunas espec\u00edficas que brindan protecci\u00f3n ante enfermedades potencialmente graves. Durante la infancia, vacunas como la hexavalente, la triple viral y la antipoliomiel\u00edtica son fundamentales para un desarrollo saludable. En la adolescencia y adultez, otros biol\u00f3gicos como la vacuna contra el Virus del Papiloma Humano (VPH), hepatitis B y t\u00e9tanos tambi\u00e9n son indispensables.<\/p>\n<p>La dependencia insisti\u00f3 en que la prevenci\u00f3n debe ser constante, ya que algunas enfermedades pueden reingresar al pa\u00eds por v\u00eda internacional si la cobertura disminuye.<\/p>\n<p>La Secretar\u00eda de Salud explic\u00f3 que estar resfriado no es motivo para evitar una vacuna, salvo en casos de fiebre mayor a 38.5 grados. Por ello, recomend\u00f3 que las personas acudan a su unidad de salud incluso si presentan s\u00edntomas leves, para no posponer la protecci\u00f3n inmunol\u00f3gica que ofrecen los biol\u00f3gicos.<\/p>\n<p>Adem\u00e1s, la vacunaci\u00f3n no s\u00f3lo protege a quien la recibe, sino tambi\u00e9n a quienes lo rodean, especialmente a personas vulnerables como beb\u00e9s, adultos mayores o personas con sistemas inmunol\u00f3gicos debilitados. Esta protecci\u00f3n comunitaria, tambi\u00e9n conocida como inmunidad de reba\u00f1o, es clave para evitar brotes y mantener bajo control enfermedades prevenibles.<\/p>\n<p>En caso de presentar s\u00edntomas como fiebre, tos persistente, sarpullido o cualquier manifestaci\u00f3n que pudiera indicar una enfermedad prevenible por vacunaci\u00f3n, es indispensable acudir a una unidad m\u00e9dica. La atenci\u00f3n oportuna y el seguimiento m\u00e9dico adecuado marcan la diferencia para la salud individual y colectiva.<\/p>\n","protected":false},"excerpt":{"rendered":"<p>Hermosillo, Sonora; 3 de julio de 2025.- La vacunaci\u00f3n universal es una de las medidas de salud p\u00fablica m\u00e1s efectivas para prevenir enfermedades, proteger a las comunidades y salvar vidas. Por ello, el Gobierno de Sonora, a trav\u00e9s de la Secretar\u00eda de Salud (SSP), hizo un llamado a la poblaci\u00f3n a mantener actualizado el esquema [&hellip;]<\/p>\n","protected":false},"author":2,"featured_media":223376,"comment_status":"closed","ping_status":"closed","sticky":false,"template":"","format":"standard","meta":{"footnotes":""},"categories":[12870,178],"tags":[12865,12869],"class_list":["post-223375","post","type-post","status-publish","format-standard","has-post-thumbnail","hentry","category-destacadas","category-local","tag-destacadas","tag-local"],"jetpack_featured_media_url":"https:\/\/rnoticias.com.mx\/Portal\/wp-content\/uploads\/2025\/07\/unnamed-8.jpg","amp_enabled":true,"_links":{"self":[{"href":"https:\/\/rnoticias.com.mx\/Portal\/wp-json\/wp\/v2\/posts\/223375","targetHints":{"allow":["GET"]}}],"collection":[{"href":"https:\/\/rnoticias.com.mx\/Portal\/wp-json\/wp\/v2\/posts"}],"about":[{"href":"https:\/\/rnoticias.com.mx\/Portal\/wp-json\/wp\/v2\/types\/post"}],"author":[{"embeddable":true,"href":"https:\/\/rnoticias.com.mx\/Portal\/wp-json\/wp\/v2\/users\/2"}],"replies":[{"embeddable":true,"href":"https:\/\/rnoticias.com.mx\/Portal\/wp-json\/wp\/v2\/comments?post=223375"}],"version-history":[{"count":1,"href":"https:\/\/rnoticias.com.mx\/Portal\/wp-json\/wp\/v2\/posts\/223375\/revisions"}],"predecessor-version":[{"id":223377,"href":"https:\/\/rnoticias.com.mx\/Portal\/wp-json\/wp\/v2\/posts\/223375\/revisions\/223377"}],"wp:featuredmedia":[{"embeddable":true,"href":"https:\/\/rnoticias.com.mx\/Portal\/wp-json\/wp\/v2\/media\/223376"}],"wp:attachment":[{"href":"https:\/\/rnoticias.com.mx\/Portal\/wp-json\/wp\/v2\/media?parent=223375"}],"wp:term":[{"taxonomy":"category","embeddable":true,"href":"https:\/\/rnoticias.com.mx\/Portal\/wp-json\/wp\/v2\/categories?post=223375"},{"taxonomy":"post_tag","embeddable":true,"href":"https:\/\/rnoticias.com.mx\/Portal\/wp-json\/wp\/v2\/tags?post=223375"}],"curies":[{"name":"wp","href":"https:\/\/api.w.org\/{rel}","templated":true}]}}