{"id":223347,"date":"2025-07-02T18:22:13","date_gmt":"2025-07-03T01:22:13","guid":{"rendered":"https:\/\/rnoticias.com.mx\/Portal\/?p=223347"},"modified":"2025-07-02T18:22:13","modified_gmt":"2025-07-03T01:22:13","slug":"pilar-montenegro-envia-mensaje-en-medio-de-rumores-sobre-su-salud","status":"publish","type":"post","link":"https:\/\/rnoticias.com.mx\/Portal\/2025\/07\/02\/pilar-montenegro-envia-mensaje-en-medio-de-rumores-sobre-su-salud\/","title":{"rendered":"Pilar Montenegro env\u00eda mensaje en medio de rumores sobre su salud"},"content":{"rendered":"<p>Tras varios d\u00edas de especulaciones sobre su estado de salud,<strong>\u00a0Pilar Montenegro<\/strong>\u00a0respondi\u00f3 brevemente a trav\u00e9s de un mensaje de WhatsApp\u00a0<strong>al programa Ventaneando,\u00a0<\/strong>desmintiendo de manera sutil los rumores que circulaban en redes sociales y la prensa sobre una supuesta enfermedad grave.<\/p>\n<p>La exintegrante del grupo escribi\u00f3: <strong>\u201c<\/strong><em><strong>Ya no estoy en el medio, gracias de todos modos. Estoy muy bien\u201d,<\/strong><\/em>dejando claro que, aunque ha optado por mantenerse alejada del ojo p\u00fablico, se encuentra estable y sin intenci\u00f3n de alimentar versiones no confirmadas.<\/p>\n<p><strong>La respuesta de Montenegro<\/strong>\u00a0fue le\u00edda en vivo por los conductores de la emisi\u00f3n, los cuales agradecieron que, a pesar de su disposici\u00f3n de no compartir m\u00e1s detalles sobre su vida personal, haya tenido la gentileza de enviar una explicaci\u00f3n directa.<\/p>\n<p>La declaraci\u00f3n, aunque breve, sirve como alivio para sus seguidores, quienes durante los \u00faltimos d\u00edas han mostrado preocupaci\u00f3n ante trascendidos que se\u00f1alaban un<strong>\u00a0deterioro en su bienestar,\u00a0<\/strong>particularmente vinculados a una enfermedad neurodegenerativa.<\/p>\n<p>Desde hace varios a\u00f1os, Pilar se ha mantenido fuera del ambiente art\u00edstico, y su retiro ha dado pie a m\u00faltiples especulaciones. Sin embargo, con esta acci\u00f3n puntualiz\u00f3 que su silencio es una elecci\u00f3n personal y que, por el momento, no tiene inter\u00e9s en retomar su vida profesional ni dar aclaraciones m\u00e1s all\u00e1 de lo estrictamente necesario.<\/p>\n<p>Los integrantes de Ventaneando concluyeron la emisi\u00f3n enviando buenos deseos a la cantante.<em><strong>\u00a0\u201cQue se recupere, si es que est\u00e1 enfrentando algo, y que siga rodeada del cari\u00f1o de su familia\u201d,\u00a0<\/strong><\/em>expresaron, respetando la decisi\u00f3n de Montenegro de mantener su privacidad, pero celebrando que haya despejado, al menos en parte, la incertidumbre.<\/p>\n<p>&nbsp;<\/p>\n<p>Agencia M\u00e9xico<\/p>\n","protected":false},"excerpt":{"rendered":"<p>Tras varios d\u00edas de especulaciones sobre su estado de salud,\u00a0Pilar Montenegro\u00a0respondi\u00f3 brevemente a trav\u00e9s de un mensaje de WhatsApp\u00a0al programa Ventaneando,\u00a0desmintiendo de manera sutil los rumores que circulaban en redes sociales y la prensa sobre una supuesta enfermedad grave. La exintegrante del grupo escribi\u00f3: \u201cYa no estoy en el medio, gracias de todos modos. Estoy [&hellip;]<\/p>\n","protected":false},"author":2,"featured_media":223348,"comment_status":"closed","ping_status":"closed","sticky":false,"template":"","format":"standard","meta":{"footnotes":""},"categories":[12870,219],"tags":[12865,12875],"class_list":["post-223347","post","type-post","status-publish","format-standard","has-post-thumbnail","hentry","category-destacadas","category-espectaculos","tag-destacadas","tag-espectaculos"],"jetpack_featured_media_url":"https:\/\/rnoticias.com.mx\/Portal\/wp-content\/uploads\/2025\/07\/image_100x75_17510612917513.webp","amp_enabled":true,"_links":{"self":[{"href":"https:\/\/rnoticias.com.mx\/Portal\/wp-json\/wp\/v2\/posts\/223347","targetHints":{"allow":["GET"]}}],"collection":[{"href":"https:\/\/rnoticias.com.mx\/Portal\/wp-json\/wp\/v2\/posts"}],"about":[{"href":"https:\/\/rnoticias.com.mx\/Portal\/wp-json\/wp\/v2\/types\/post"}],"author":[{"embeddable":true,"href":"https:\/\/rnoticias.com.mx\/Portal\/wp-json\/wp\/v2\/users\/2"}],"replies":[{"embeddable":true,"href":"https:\/\/rnoticias.com.mx\/Portal\/wp-json\/wp\/v2\/comments?post=223347"}],"version-history":[{"count":1,"href":"https:\/\/rnoticias.com.mx\/Portal\/wp-json\/wp\/v2\/posts\/223347\/revisions"}],"predecessor-version":[{"id":223349,"href":"https:\/\/rnoticias.com.mx\/Portal\/wp-json\/wp\/v2\/posts\/223347\/revisions\/223349"}],"wp:featuredmedia":[{"embeddable":true,"href":"https:\/\/rnoticias.com.mx\/Portal\/wp-json\/wp\/v2\/media\/223348"}],"wp:attachment":[{"href":"https:\/\/rnoticias.com.mx\/Portal\/wp-json\/wp\/v2\/media?parent=223347"}],"wp:term":[{"taxonomy":"category","embeddable":true,"href":"https:\/\/rnoticias.com.mx\/Portal\/wp-json\/wp\/v2\/categories?post=223347"},{"taxonomy":"post_tag","embeddable":true,"href":"https:\/\/rnoticias.com.mx\/Portal\/wp-json\/wp\/v2\/tags?post=223347"}],"curies":[{"name":"wp","href":"https:\/\/api.w.org\/{rel}","templated":true}]}}