{"id":223322,"date":"2025-07-02T16:36:37","date_gmt":"2025-07-02T23:36:37","guid":{"rendered":"https:\/\/rnoticias.com.mx\/Portal\/?p=223322"},"modified":"2025-07-02T16:36:37","modified_gmt":"2025-07-02T23:36:37","slug":"gobierno-de-sonora-fortalece-la-educacion-ambiental-con-convenio-ues-ecoce","status":"publish","type":"post","link":"https:\/\/rnoticias.com.mx\/Portal\/2025\/07\/02\/gobierno-de-sonora-fortalece-la-educacion-ambiental-con-convenio-ues-ecoce\/","title":{"rendered":"Gobierno de Sonora fortalece la educaci\u00f3n ambiental con convenio UES\u2013ECOCE"},"content":{"rendered":"<p align=\"justify\">Hermosillo, Sonora; 2 de julio de 2025.- La Universidad Estatal de Sonora (UES) y la asociaci\u00f3n Ecolog\u00eda y Compromiso Empresarial (ECOCE) trabajar\u00e1n de manera coordinada para implementar acciones que promuevan el reciclaje y fortalezcan la cultura ambiental entre estudiantes, docentes y personal universitario.<\/p>\n<p align=\"justify\">La rectora de la UES, Martha Patricia Pati\u00f1o Fierro, firm\u00f3 un convenio de colaboraci\u00f3n con Monserrat Ram\u00edrez Bobadilla, directora de Operaciones de ECOCE, quien coincidi\u00f3 en la importancia de impulsar desde las universidades la econom\u00eda circular y el aprovechamiento responsable de los residuos.<\/p>\n<p align=\"justify\">A trav\u00e9s de este convenio se colocar\u00e1n contenedores especiales en los campus para acopiar envases de PET y PEAD, los cuales ser\u00e1n canalizados hacia plantas recicladoras. Adem\u00e1s, se pondr\u00e1n en marcha campa\u00f1as educativas dirigidas a la comunidad universitaria, con el fin de sensibilizar sobre el impacto positivo del reciclaje y su valor como recurso.<\/p>\n<p align=\"justify\">\u201cEstamos convencidos de que esta alianza con ECOCE fortalecer\u00e1 las acciones sustentables que ya hemos iniciado en la UES y que, adem\u00e1s, permitir\u00e1 a nuestros j\u00f3venes visualizar el reciclaje como una oportunidad para contribuir a la mejora ambiental y al desarrollo de empleos verdes\u201d, expres\u00f3 la rectora.<\/p>\n<p align=\"justify\">La colaboraci\u00f3n incluye acceso a seminarios virtuales de ECOCE, trazabilidad en el manejo de residuos y estrategias de comunicaci\u00f3n interna que fomenten la participaci\u00f3n en la separaci\u00f3n y reciclaje de materiales.<\/p>\n<p align=\"justify\">Con estas acciones, la Universidad Estatal de Sonora reafirma su compromiso con la formaci\u00f3n de ciudadanos responsables y su contribuci\u00f3n a los objetivos de sustentabilidad impulsados desde el Gobierno de Sonora.<\/p>\n","protected":false},"excerpt":{"rendered":"<p>Hermosillo, Sonora; 2 de julio de 2025.- La Universidad Estatal de Sonora (UES) y la asociaci\u00f3n Ecolog\u00eda y Compromiso Empresarial (ECOCE) trabajar\u00e1n de manera coordinada para implementar acciones que promuevan el reciclaje y fortalezcan la cultura ambiental entre estudiantes, docentes y personal universitario. La rectora de la UES, Martha Patricia Pati\u00f1o Fierro, firm\u00f3 un convenio [&hellip;]<\/p>\n","protected":false},"author":2,"featured_media":223323,"comment_status":"closed","ping_status":"closed","sticky":false,"template":"","format":"standard","meta":{"footnotes":""},"categories":[12870,178],"tags":[12865,12869],"class_list":["post-223322","post","type-post","status-publish","format-standard","has-post-thumbnail","hentry","category-destacadas","category-local","tag-destacadas","tag-local"],"jetpack_featured_media_url":"https:\/\/rnoticias.com.mx\/Portal\/wp-content\/uploads\/2025\/07\/unnamed-1-2.jpg","amp_enabled":true,"_links":{"self":[{"href":"https:\/\/rnoticias.com.mx\/Portal\/wp-json\/wp\/v2\/posts\/223322","targetHints":{"allow":["GET"]}}],"collection":[{"href":"https:\/\/rnoticias.com.mx\/Portal\/wp-json\/wp\/v2\/posts"}],"about":[{"href":"https:\/\/rnoticias.com.mx\/Portal\/wp-json\/wp\/v2\/types\/post"}],"author":[{"embeddable":true,"href":"https:\/\/rnoticias.com.mx\/Portal\/wp-json\/wp\/v2\/users\/2"}],"replies":[{"embeddable":true,"href":"https:\/\/rnoticias.com.mx\/Portal\/wp-json\/wp\/v2\/comments?post=223322"}],"version-history":[{"count":1,"href":"https:\/\/rnoticias.com.mx\/Portal\/wp-json\/wp\/v2\/posts\/223322\/revisions"}],"predecessor-version":[{"id":223324,"href":"https:\/\/rnoticias.com.mx\/Portal\/wp-json\/wp\/v2\/posts\/223322\/revisions\/223324"}],"wp:featuredmedia":[{"embeddable":true,"href":"https:\/\/rnoticias.com.mx\/Portal\/wp-json\/wp\/v2\/media\/223323"}],"wp:attachment":[{"href":"https:\/\/rnoticias.com.mx\/Portal\/wp-json\/wp\/v2\/media?parent=223322"}],"wp:term":[{"taxonomy":"category","embeddable":true,"href":"https:\/\/rnoticias.com.mx\/Portal\/wp-json\/wp\/v2\/categories?post=223322"},{"taxonomy":"post_tag","embeddable":true,"href":"https:\/\/rnoticias.com.mx\/Portal\/wp-json\/wp\/v2\/tags?post=223322"}],"curies":[{"name":"wp","href":"https:\/\/api.w.org\/{rel}","templated":true}]}}