{"id":223294,"date":"2025-07-02T11:00:17","date_gmt":"2025-07-02T18:00:17","guid":{"rendered":"https:\/\/rnoticias.com.mx\/Portal\/?p=223294"},"modified":"2025-07-02T11:00:17","modified_gmt":"2025-07-02T18:00:17","slug":"porto-anuncia-que-martin-anselmi-dejara-de-ser-su-tecnico","status":"publish","type":"post","link":"https:\/\/rnoticias.com.mx\/Portal\/2025\/07\/02\/porto-anuncia-que-martin-anselmi-dejara-de-ser-su-tecnico\/","title":{"rendered":"Porto anuncia que Mart\u00edn Anselmi dejar\u00e1 de ser su t\u00e9cnico"},"content":{"rendered":"<p>Porto inici\u00f3 negociaciones para rescindir el contrato de Mart\u00edn Anselmi tras fracaso en el Mundial de Clubes<\/p>\n<p>El ciclo de Mart\u00edn Anselmi en el Porto est\u00e1 por llegar a su fin. Este martes, el club portugu\u00e9s anunci\u00f3 que ya se encuentra en negociaciones para rescindir el contrato del t\u00e9cnico argentino, el cual tiene vigencia hasta 2027.<\/p>\n<p>La decisi\u00f3n llega luego del duro golpe que signific\u00f3 quedar eliminado en la Fase de Grupos del Mundial de Clubes 2025, un resultado que termin\u00f3 por agotar la paciencia de la directiva encabezada por Andr\u00e9 Villa-Boas.<\/p>\n<p>A trav\u00e9s de un breve comunicado, los Dragones confirmaron el inicio de las conversaciones con Anselmi para finalizar su v\u00ednculo, aunque sin dar mayores detalles sobre el proceso ni los t\u00e9rminos de una eventual salida.<\/p>\n<p>Anselmi asumi\u00f3 el cargo con pol\u00e9mica, luego de que dejara a Cruz Azul a inicio de torneo, por emigrar al Viejo Continente, pero los resultados recientes han generado fuertes cuestionamientos sobre su gesti\u00f3n.<\/p>\n","protected":false},"excerpt":{"rendered":"<p>Porto inici\u00f3 negociaciones para rescindir el contrato de Mart\u00edn Anselmi tras fracaso en el Mundial de Clubes El ciclo de Mart\u00edn Anselmi en el Porto est\u00e1 por llegar a su fin. Este martes, el club portugu\u00e9s anunci\u00f3 que ya se encuentra en negociaciones para rescindir el contrato del t\u00e9cnico argentino, el cual tiene vigencia hasta [&hellip;]<\/p>\n","protected":false},"author":2,"featured_media":223295,"comment_status":"closed","ping_status":"closed","sticky":false,"template":"","format":"standard","meta":{"footnotes":""},"categories":[188,12870],"tags":[5231,12865],"class_list":["post-223294","post","type-post","status-publish","format-standard","has-post-thumbnail","hentry","category-deportes","category-destacadas","tag-deportes","tag-destacadas"],"jetpack_featured_media_url":"https:\/\/rnoticias.com.mx\/Portal\/wp-content\/uploads\/2025\/07\/martin-anselmi-122001-1024x576-1.jpg","amp_enabled":true,"_links":{"self":[{"href":"https:\/\/rnoticias.com.mx\/Portal\/wp-json\/wp\/v2\/posts\/223294","targetHints":{"allow":["GET"]}}],"collection":[{"href":"https:\/\/rnoticias.com.mx\/Portal\/wp-json\/wp\/v2\/posts"}],"about":[{"href":"https:\/\/rnoticias.com.mx\/Portal\/wp-json\/wp\/v2\/types\/post"}],"author":[{"embeddable":true,"href":"https:\/\/rnoticias.com.mx\/Portal\/wp-json\/wp\/v2\/users\/2"}],"replies":[{"embeddable":true,"href":"https:\/\/rnoticias.com.mx\/Portal\/wp-json\/wp\/v2\/comments?post=223294"}],"version-history":[{"count":1,"href":"https:\/\/rnoticias.com.mx\/Portal\/wp-json\/wp\/v2\/posts\/223294\/revisions"}],"predecessor-version":[{"id":223296,"href":"https:\/\/rnoticias.com.mx\/Portal\/wp-json\/wp\/v2\/posts\/223294\/revisions\/223296"}],"wp:featuredmedia":[{"embeddable":true,"href":"https:\/\/rnoticias.com.mx\/Portal\/wp-json\/wp\/v2\/media\/223295"}],"wp:attachment":[{"href":"https:\/\/rnoticias.com.mx\/Portal\/wp-json\/wp\/v2\/media?parent=223294"}],"wp:term":[{"taxonomy":"category","embeddable":true,"href":"https:\/\/rnoticias.com.mx\/Portal\/wp-json\/wp\/v2\/categories?post=223294"},{"taxonomy":"post_tag","embeddable":true,"href":"https:\/\/rnoticias.com.mx\/Portal\/wp-json\/wp\/v2\/tags?post=223294"}],"curies":[{"name":"wp","href":"https:\/\/api.w.org\/{rel}","templated":true}]}}