{"id":223285,"date":"2025-07-02T10:15:42","date_gmt":"2025-07-02T17:15:42","guid":{"rendered":"https:\/\/rnoticias.com.mx\/Portal\/?p=223285"},"modified":"2025-07-02T10:15:42","modified_gmt":"2025-07-02T17:15:42","slug":"yolanda-andrade-reaparece-en-redes-sociales-y-sorprende-con-alentador-comentario-ya-camino","status":"publish","type":"post","link":"https:\/\/rnoticias.com.mx\/Portal\/2025\/07\/02\/yolanda-andrade-reaparece-en-redes-sociales-y-sorprende-con-alentador-comentario-ya-camino\/","title":{"rendered":"Yolanda Andrade reaparece en redes sociales y sorprende con alentador comentario: \u201cYa camino\u201d"},"content":{"rendered":"<p><strong>Luego de mantenerse alejada del ojo p\u00fablico debido a complicaciones de salud, Yolanda Andrade reapareci\u00f3 a trav\u00e9s de su cuenta de Instagram, compartiendo un video que ha generado gran emoci\u00f3n entre sus seguidores.<\/strong><\/p>\n<p>En la grabaci\u00f3n, la conductora se muestra caminando con la ayuda de un palo, dando se\u00f1ales de una notable mejor\u00eda f\u00edsica. Aunque no ofreci\u00f3 mayores detalles sobre su estado de salud actual, el breve clip fue suficiente para alentar a sus fans.<\/p>\n<p>Adem\u00e1s de la frase:\u00a0<strong><em>\u201cPaso a Pacito \u2026 Gracias por estar conmigo\u201d,<\/em><\/strong>\u00a0lo que m\u00e1s llam\u00f3 la atenci\u00f3n fue un comentario que le hizo a Rebeca de Alba, pues al responderle con un\u00a0<strong><em>\u201cYa Caminoooo\u00a0<img decoding=\"async\" src=\"https:\/\/fonts.gstatic.com\/s\/e\/notoemoji\/16.0\/1f60d\/32.png\" alt=\"&#x1f60d;\" \/><img decoding=\"async\" src=\"https:\/\/fonts.gstatic.com\/s\/e\/notoemoji\/16.0\/1f64f_1f3fd\/32.png\" alt=\"&#x1f64f;&#x1f3fd;\" \/>\u201d<\/em><\/strong>, confirm\u00f3 que el clip es reciente.<\/p>\n<div id=\"eldia-3650032891\" class=\"eldia-contenido eldia-target\" data-eldia-trackid=\"1573641\" data-eldia-trackbid=\"1\"><\/div>\n<div id=\"eldia-3556126294\" class=\"eldia-contenido-2 eldia-target\" data-eldia-trackid=\"1765657\" data-eldia-trackbid=\"1\"><\/div>\n<p>Yolanda enfrent\u00f3 un proceso m\u00e9dico complicado desde mediados de 2023, cuando revel\u00f3 haber sido diagnosticada con un aneurisma cerebral. Desde entonces, su condici\u00f3n fue motivo de preocupaci\u00f3n, aunque ella se mantuvo optimista en todo momento.<\/p>\n<p>La tambi\u00e9n actriz se hab\u00eda limitado a compartir im\u00e1genes espor\u00e1dicas o mensajes de reflexi\u00f3n en cuentas, por lo que esta nueva publicaci\u00f3n representa un paso importante en su recuperaci\u00f3n f\u00edsica y emocional.<\/p>\n<p><strong>Sus admiradores y distintas personalidades del medio del espect\u00e1culo celebraron esta noticia con entusiasmo, destacando su fortaleza y esp\u00edritu de lucha en esta etapa, luego de que hace algunos meses se dijo que padec\u00eda esclerosis m\u00faltiple, enfermedad que hasta ahora no ha sido confirmada por la presentadora.<\/strong><\/p>\n<p>&nbsp;<\/p>\n<p>&nbsp;<\/p>\n<p>Agencia M\u00e9xico<\/p>\n","protected":false},"excerpt":{"rendered":"<p>Luego de mantenerse alejada del ojo p\u00fablico debido a complicaciones de salud, Yolanda Andrade reapareci\u00f3 a trav\u00e9s de su cuenta de Instagram, compartiendo un video que ha generado gran emoci\u00f3n entre sus seguidores. En la grabaci\u00f3n, la conductora se muestra caminando con la ayuda de un palo, dando se\u00f1ales de una notable mejor\u00eda f\u00edsica. Aunque [&hellip;]<\/p>\n","protected":false},"author":2,"featured_media":223286,"comment_status":"closed","ping_status":"closed","sticky":false,"template":"","format":"standard","meta":{"footnotes":""},"categories":[12870,219],"tags":[12865,12875],"class_list":["post-223285","post","type-post","status-publish","format-standard","has-post-thumbnail","hentry","category-destacadas","category-espectaculos","tag-destacadas","tag-espectaculos"],"jetpack_featured_media_url":"https:\/\/rnoticias.com.mx\/Portal\/wp-content\/uploads\/2025\/07\/35699019167f48f88883a4-930x576-1.jpeg","amp_enabled":true,"_links":{"self":[{"href":"https:\/\/rnoticias.com.mx\/Portal\/wp-json\/wp\/v2\/posts\/223285","targetHints":{"allow":["GET"]}}],"collection":[{"href":"https:\/\/rnoticias.com.mx\/Portal\/wp-json\/wp\/v2\/posts"}],"about":[{"href":"https:\/\/rnoticias.com.mx\/Portal\/wp-json\/wp\/v2\/types\/post"}],"author":[{"embeddable":true,"href":"https:\/\/rnoticias.com.mx\/Portal\/wp-json\/wp\/v2\/users\/2"}],"replies":[{"embeddable":true,"href":"https:\/\/rnoticias.com.mx\/Portal\/wp-json\/wp\/v2\/comments?post=223285"}],"version-history":[{"count":1,"href":"https:\/\/rnoticias.com.mx\/Portal\/wp-json\/wp\/v2\/posts\/223285\/revisions"}],"predecessor-version":[{"id":223287,"href":"https:\/\/rnoticias.com.mx\/Portal\/wp-json\/wp\/v2\/posts\/223285\/revisions\/223287"}],"wp:featuredmedia":[{"embeddable":true,"href":"https:\/\/rnoticias.com.mx\/Portal\/wp-json\/wp\/v2\/media\/223286"}],"wp:attachment":[{"href":"https:\/\/rnoticias.com.mx\/Portal\/wp-json\/wp\/v2\/media?parent=223285"}],"wp:term":[{"taxonomy":"category","embeddable":true,"href":"https:\/\/rnoticias.com.mx\/Portal\/wp-json\/wp\/v2\/categories?post=223285"},{"taxonomy":"post_tag","embeddable":true,"href":"https:\/\/rnoticias.com.mx\/Portal\/wp-json\/wp\/v2\/tags?post=223285"}],"curies":[{"name":"wp","href":"https:\/\/api.w.org\/{rel}","templated":true}]}}