{"id":223276,"date":"2025-07-02T10:03:09","date_gmt":"2025-07-02T17:03:09","guid":{"rendered":"https:\/\/rnoticias.com.mx\/Portal\/?p=223276"},"modified":"2025-07-02T10:03:09","modified_gmt":"2025-07-02T17:03:09","slug":"adolescentes-en-internamiento-aprovechan-oportunidades-educativas-que-les-ofrece-el-gobierno-de-sonora-isea","status":"publish","type":"post","link":"https:\/\/rnoticias.com.mx\/Portal\/2025\/07\/02\/adolescentes-en-internamiento-aprovechan-oportunidades-educativas-que-les-ofrece-el-gobierno-de-sonora-isea\/","title":{"rendered":"Adolescentes en internamiento aprovechan oportunidades educativas que les ofrece el Gobierno de Sonora: ISEA"},"content":{"rendered":"<p align=\"justify\">Hermosillo, Sonora; 2 de julio de 2025.- Como resultado de la alianza entre el Instituto Sonorense de Educaci\u00f3n para los Adultos (ISEA) y el Instituto de Tratamiento y Aplicaci\u00f3n de Medidas para Adolescentes (ITAMA), j\u00f3venes en internamiento de C\u00f3corit aprovecharon la oportunidad de iniciar o concluir la primaria y secundaria.<\/p>\n<p align=\"justify\">En una ceremonia solemne, recibieron sus certificados con validez oficial, a la que acudieron sus familiares, autoridades y personal de ambas dependencias, en las instalaciones del Centro Especializado en Internamiento para Adolescentes (CEIA) de dicha comunidad, perteneciente al municipio de Cajeme.<\/p>\n<p align=\"justify\">Mar\u00eda Engracia Carrazco Valenzuela, directora general del ISEA, y Diana Platt Salazar, directora general del ITAMA, entregaron los certificados de primaria y secundaria a los graduados, a quienes alentaron a aprovechar las oportunidades de formaci\u00f3n y desarrollo que les ofrece el Gobierno de Sonora.<\/p>\n<p align=\"justify\">Los j\u00f3venes cursaron el programa de estudios en la modalidad abierta durante el ciclo escolar 2024-2025 y, al haberlo concluido satisfactoriamente, obtuvieron sus respectivos certificados de nivel b\u00e1sico, lo que les permitir\u00e1 avanzar acad\u00e9micamente como parte de su reincorporaci\u00f3n a la comunidad.<\/p>\n<p align=\"justify\">Ambas funcionarias coincidieron en que los certificados entregados representan para los j\u00f3venes nuevas oportunidades una vez que se reincorporen a la sociedad, ya que han adquirido una nueva perspectiva de vida y mejores condiciones para salir adelante.<\/p>\n","protected":false},"excerpt":{"rendered":"<p>Hermosillo, Sonora; 2 de julio de 2025.- Como resultado de la alianza entre el Instituto Sonorense de Educaci\u00f3n para los Adultos (ISEA) y el Instituto de Tratamiento y Aplicaci\u00f3n de Medidas para Adolescentes (ITAMA), j\u00f3venes en internamiento de C\u00f3corit aprovecharon la oportunidad de iniciar o concluir la primaria y secundaria. En una ceremonia solemne, recibieron [&hellip;]<\/p>\n","protected":false},"author":2,"featured_media":223277,"comment_status":"closed","ping_status":"closed","sticky":false,"template":"","format":"standard","meta":{"footnotes":""},"categories":[12870,178],"tags":[12865,12869],"class_list":["post-223276","post","type-post","status-publish","format-standard","has-post-thumbnail","hentry","category-destacadas","category-local","tag-destacadas","tag-local"],"jetpack_featured_media_url":"https:\/\/rnoticias.com.mx\/Portal\/wp-content\/uploads\/2025\/07\/unnamed-19.jpg","amp_enabled":true,"_links":{"self":[{"href":"https:\/\/rnoticias.com.mx\/Portal\/wp-json\/wp\/v2\/posts\/223276","targetHints":{"allow":["GET"]}}],"collection":[{"href":"https:\/\/rnoticias.com.mx\/Portal\/wp-json\/wp\/v2\/posts"}],"about":[{"href":"https:\/\/rnoticias.com.mx\/Portal\/wp-json\/wp\/v2\/types\/post"}],"author":[{"embeddable":true,"href":"https:\/\/rnoticias.com.mx\/Portal\/wp-json\/wp\/v2\/users\/2"}],"replies":[{"embeddable":true,"href":"https:\/\/rnoticias.com.mx\/Portal\/wp-json\/wp\/v2\/comments?post=223276"}],"version-history":[{"count":1,"href":"https:\/\/rnoticias.com.mx\/Portal\/wp-json\/wp\/v2\/posts\/223276\/revisions"}],"predecessor-version":[{"id":223278,"href":"https:\/\/rnoticias.com.mx\/Portal\/wp-json\/wp\/v2\/posts\/223276\/revisions\/223278"}],"wp:featuredmedia":[{"embeddable":true,"href":"https:\/\/rnoticias.com.mx\/Portal\/wp-json\/wp\/v2\/media\/223277"}],"wp:attachment":[{"href":"https:\/\/rnoticias.com.mx\/Portal\/wp-json\/wp\/v2\/media?parent=223276"}],"wp:term":[{"taxonomy":"category","embeddable":true,"href":"https:\/\/rnoticias.com.mx\/Portal\/wp-json\/wp\/v2\/categories?post=223276"},{"taxonomy":"post_tag","embeddable":true,"href":"https:\/\/rnoticias.com.mx\/Portal\/wp-json\/wp\/v2\/tags?post=223276"}],"curies":[{"name":"wp","href":"https:\/\/api.w.org\/{rel}","templated":true}]}}