{"id":223270,"date":"2025-07-02T09:58:39","date_gmt":"2025-07-02T16:58:39","guid":{"rendered":"https:\/\/rnoticias.com.mx\/Portal\/?p=223270"},"modified":"2025-07-02T09:58:39","modified_gmt":"2025-07-02T16:58:39","slug":"gobierno-de-sonora-capacita-a-policias-municipales-de-cajeme-en-perspectiva-de-genero","status":"publish","type":"post","link":"https:\/\/rnoticias.com.mx\/Portal\/2025\/07\/02\/gobierno-de-sonora-capacita-a-policias-municipales-de-cajeme-en-perspectiva-de-genero\/","title":{"rendered":"Gobierno de Sonora capacita a polic\u00edas municipales de Cajeme en perspectiva de g\u00e9nero"},"content":{"rendered":"<p align=\"left\">Cajeme, Sonora; 2 de julio de 2025.- Para que cada reporte por violencia familiar y de g\u00e9nero que ingresa a la l\u00ednea de emergencias 9-1-1 se traduzca en justicia, el Sistema Salva del Gobierno de Sonora brinda la Capacitaci\u00f3n Anual 2025 a polic\u00edas municipales de Cajeme.<\/p>\n<p align=\"left\">\n<p align=\"left\">Comprometido con la seguridad de las mujeres, el Gobierno de Sonora trabaja de manera coordinada con los ayuntamientos en el fortalecimiento de los cuerpos policiacos, sensibiliz\u00e1ndolos sobre la atenci\u00f3n con empat\u00eda a posibles v\u00edctimas de violencia.<\/p>\n<p align=\"left\">\n<p align=\"left\">Zulema Boneo Silva, coordinadora estatal del Sistema de Atenci\u00f3n a la Violencia Familiar y de G\u00e9nero (Salva), inform\u00f3 que, de manera permanente, se recorren municipios o, en su caso, se capacita v\u00eda remota a elementos de las corporaciones municipales. Esta semana corresponde la capacitaci\u00f3n a las y los oficiales del municipio de Cajeme.<\/p>\n<p align=\"left\">\n<p align=\"left\">Personal del Sistema Salva instruye a polic\u00edas municipales sobre el protocolo para identificar y atender casos de violencia familiar y de g\u00e9nero que ingresan a trav\u00e9s del 9-1-1. Como parte de los temas prioritarios, tambi\u00e9n se brinda asesor\u00eda a los primeros respondientes sobre el correcto llenado del Informe Policial Homologado (IPH) con perspectiva de g\u00e9nero.<\/p>\n<p align=\"left\">\n<p align=\"left\">Durante la sesi\u00f3n informativa, se orienta a las y los agentes sobre c\u00f3mo ayudar a mujeres que se encuentren en un ciclo de violencia, y se socializa el Protocolo de Actuaci\u00f3n Nacional sobre Violencia de G\u00e9nero.<\/p>\n<p align=\"left\">\n<p align=\"left\">Destac\u00f3 que, gracias a la voluntad de autoridades e iniciativa privada, Cajeme es el segundo municipio con m\u00e1s Zonas Salva. Actualmente cuenta con 577 espacios seguros donde mujeres en situaci\u00f3n de riesgo pueden solicitar resguardo hasta la llegada de un elemento de seguridad.<\/p>\n","protected":false},"excerpt":{"rendered":"<p>Cajeme, Sonora; 2 de julio de 2025.- Para que cada reporte por violencia familiar y de g\u00e9nero que ingresa a la l\u00ednea de emergencias 9-1-1 se traduzca en justicia, el Sistema Salva del Gobierno de Sonora brinda la Capacitaci\u00f3n Anual 2025 a polic\u00edas municipales de Cajeme. Comprometido con la seguridad de las mujeres, el Gobierno [&hellip;]<\/p>\n","protected":false},"author":2,"featured_media":223271,"comment_status":"closed","ping_status":"closed","sticky":false,"template":"","format":"standard","meta":{"footnotes":""},"categories":[12870,174],"tags":[12865,12873],"class_list":["post-223270","post","type-post","status-publish","format-standard","has-post-thumbnail","hentry","category-destacadas","category-estatal","tag-destacadas","tag-estatal"],"jetpack_featured_media_url":"https:\/\/rnoticias.com.mx\/Portal\/wp-content\/uploads\/2025\/07\/unnamed-5.jpg","amp_enabled":true,"_links":{"self":[{"href":"https:\/\/rnoticias.com.mx\/Portal\/wp-json\/wp\/v2\/posts\/223270","targetHints":{"allow":["GET"]}}],"collection":[{"href":"https:\/\/rnoticias.com.mx\/Portal\/wp-json\/wp\/v2\/posts"}],"about":[{"href":"https:\/\/rnoticias.com.mx\/Portal\/wp-json\/wp\/v2\/types\/post"}],"author":[{"embeddable":true,"href":"https:\/\/rnoticias.com.mx\/Portal\/wp-json\/wp\/v2\/users\/2"}],"replies":[{"embeddable":true,"href":"https:\/\/rnoticias.com.mx\/Portal\/wp-json\/wp\/v2\/comments?post=223270"}],"version-history":[{"count":1,"href":"https:\/\/rnoticias.com.mx\/Portal\/wp-json\/wp\/v2\/posts\/223270\/revisions"}],"predecessor-version":[{"id":223272,"href":"https:\/\/rnoticias.com.mx\/Portal\/wp-json\/wp\/v2\/posts\/223270\/revisions\/223272"}],"wp:featuredmedia":[{"embeddable":true,"href":"https:\/\/rnoticias.com.mx\/Portal\/wp-json\/wp\/v2\/media\/223271"}],"wp:attachment":[{"href":"https:\/\/rnoticias.com.mx\/Portal\/wp-json\/wp\/v2\/media?parent=223270"}],"wp:term":[{"taxonomy":"category","embeddable":true,"href":"https:\/\/rnoticias.com.mx\/Portal\/wp-json\/wp\/v2\/categories?post=223270"},{"taxonomy":"post_tag","embeddable":true,"href":"https:\/\/rnoticias.com.mx\/Portal\/wp-json\/wp\/v2\/tags?post=223270"}],"curies":[{"name":"wp","href":"https:\/\/api.w.org\/{rel}","templated":true}]}}