{"id":223266,"date":"2025-07-01T20:32:44","date_gmt":"2025-07-02T03:32:44","guid":{"rendered":"https:\/\/rnoticias.com.mx\/Portal\/?p=223266"},"modified":"2025-07-01T20:32:44","modified_gmt":"2025-07-02T03:32:44","slug":"a-partir-de-este-1-de-julio-estan-disponibles-rutas-y-horarios-del-transporte-electrico-hbus-para-ciclo-escolar-2025-2026","status":"publish","type":"post","link":"https:\/\/rnoticias.com.mx\/Portal\/2025\/07\/01\/a-partir-de-este-1-de-julio-estan-disponibles-rutas-y-horarios-del-transporte-electrico-hbus-para-ciclo-escolar-2025-2026\/","title":{"rendered":"A partir de este 1 de julio est\u00e1n disponibles rutas y horarios del transporte el\u00e9ctrico HBus para ciclo escolar 2025\u20132026"},"content":{"rendered":"<p>Hermosillo, Sonora; 01 de julio, 2025.- A partir de este martes primero de julio se publicar\u00e1 la informaci\u00f3n para consulta de rutas y horarios del pr\u00f3ximo periodo regular de clases 2025\u20132026 del servicio del programa de electromovilidad H Bus, inform\u00f3 la directora de la Agencia Municipal de Energ\u00eda y Cambio Clim\u00e1tico (AMECC), Carla Neudert C\u00f3rdova.<\/p>\n<p>\u201cSe podr\u00e1n consultar las rutas y horarios de servicio del programa de electromovilidad H Bus en el sitio conocido hbus.hermosillo.gob.mx; y estar\u00e1n m\u00e1s de mil 500 espacios disponibles, en los cuales se podr\u00e1n reinscribir usuarios actuales del programa, as\u00ed como nuevos\u201d, comparti\u00f3.<\/p>\n<p>El periodo de reinscripci\u00f3n al programa H Bus quedar\u00e1 abierto del 9 de julio hasta el 6 de agosto, mientras que para nuevas inscripciones se dispondr\u00e1 de todo el mes de agosto.<\/p>\n<p>Neudert C\u00f3rdova mencion\u00f3 que el proceso de inscripci\u00f3n ya es conocido por los universitarios, y record\u00f3 que consiste en consultar el sitio de internet y, una vez conocida la informaci\u00f3n, proceder al llenado del estudio socioecon\u00f3mico para ser valorados. Posteriormente, se les notifica v\u00eda correo electr\u00f3nico su incorporaci\u00f3n al programa, y se procede a la toma de datos biom\u00e9tricos o reconocimiento facial que les permite el ascenso a las unidades.<\/p>\n<p>\u201cPara este nuevo ciclo, el proceso de toma de datos biom\u00e9tricos ha sido mejorado. Anteriormente, el estudiante se ve\u00eda en la necesidad de acudir a las oficinas de la AMECC o a los m\u00f3dulos itinerantes que se instalaban en las universidades, pero actualmente hemos incorporado al portal una nueva modalidad en la que los usuarios podr\u00e1n tomarse una fotograf\u00eda o \u2018selfie\u2019 que enviar\u00e1n mediante el mismo portal electr\u00f3nico para ser dados de alta\u201d, explic\u00f3.<\/p>\n<p>De igual manera, acerc\u00e1ndose las fechas de inscripci\u00f3n de las universidades, se instalar\u00e1n m\u00f3dulos de informaci\u00f3n y registro para acercarse a\u00fan m\u00e1s a los j\u00f3venes y llevarles la informaci\u00f3n que requieran hasta sus planteles educativos.<\/p>\n","protected":false},"excerpt":{"rendered":"<p>Hermosillo, Sonora; 01 de julio, 2025.- A partir de este martes primero de julio se publicar\u00e1 la informaci\u00f3n para consulta de rutas y horarios del pr\u00f3ximo periodo regular de clases 2025\u20132026 del servicio del programa de electromovilidad H Bus, inform\u00f3 la directora de la Agencia Municipal de Energ\u00eda y Cambio Clim\u00e1tico (AMECC), Carla Neudert C\u00f3rdova. [&hellip;]<\/p>\n","protected":false},"author":2,"featured_media":223267,"comment_status":"closed","ping_status":"closed","sticky":false,"template":"","format":"standard","meta":{"footnotes":""},"categories":[12870,178],"tags":[12865,12869],"class_list":["post-223266","post","type-post","status-publish","format-standard","has-post-thumbnail","hentry","category-destacadas","category-local","tag-destacadas","tag-local"],"jetpack_featured_media_url":"https:\/\/rnoticias.com.mx\/Portal\/wp-content\/uploads\/2025\/07\/9f16c62e-d3b2-4630-9d39-5c1aa0b9b754-scaled.jpg","amp_enabled":true,"_links":{"self":[{"href":"https:\/\/rnoticias.com.mx\/Portal\/wp-json\/wp\/v2\/posts\/223266","targetHints":{"allow":["GET"]}}],"collection":[{"href":"https:\/\/rnoticias.com.mx\/Portal\/wp-json\/wp\/v2\/posts"}],"about":[{"href":"https:\/\/rnoticias.com.mx\/Portal\/wp-json\/wp\/v2\/types\/post"}],"author":[{"embeddable":true,"href":"https:\/\/rnoticias.com.mx\/Portal\/wp-json\/wp\/v2\/users\/2"}],"replies":[{"embeddable":true,"href":"https:\/\/rnoticias.com.mx\/Portal\/wp-json\/wp\/v2\/comments?post=223266"}],"version-history":[{"count":1,"href":"https:\/\/rnoticias.com.mx\/Portal\/wp-json\/wp\/v2\/posts\/223266\/revisions"}],"predecessor-version":[{"id":223268,"href":"https:\/\/rnoticias.com.mx\/Portal\/wp-json\/wp\/v2\/posts\/223266\/revisions\/223268"}],"wp:featuredmedia":[{"embeddable":true,"href":"https:\/\/rnoticias.com.mx\/Portal\/wp-json\/wp\/v2\/media\/223267"}],"wp:attachment":[{"href":"https:\/\/rnoticias.com.mx\/Portal\/wp-json\/wp\/v2\/media?parent=223266"}],"wp:term":[{"taxonomy":"category","embeddable":true,"href":"https:\/\/rnoticias.com.mx\/Portal\/wp-json\/wp\/v2\/categories?post=223266"},{"taxonomy":"post_tag","embeddable":true,"href":"https:\/\/rnoticias.com.mx\/Portal\/wp-json\/wp\/v2\/tags?post=223266"}],"curies":[{"name":"wp","href":"https:\/\/api.w.org\/{rel}","templated":true}]}}