{"id":223257,"date":"2025-07-01T19:24:03","date_gmt":"2025-07-02T02:24:03","guid":{"rendered":"https:\/\/rnoticias.com.mx\/Portal\/?p=223257"},"modified":"2025-07-01T19:24:03","modified_gmt":"2025-07-02T02:24:03","slug":"diputados-aprueban-reformas-contra-la-desaparicion-forzada-de-personas","status":"publish","type":"post","link":"https:\/\/rnoticias.com.mx\/Portal\/2025\/07\/01\/diputados-aprueban-reformas-contra-la-desaparicion-forzada-de-personas\/","title":{"rendered":"Diputados aprueban reformas contra la desaparici\u00f3n forzada de personas"},"content":{"rendered":"<p>La C\u00e1mara de Diputados aprob\u00f3 en lo general y en lo particular la minuta que reforma, adiciona y deroga diversas disposiciones de dos leyes generales, en materia de fortalecimiento de la legislaci\u00f3n sobre b\u00fasqueda, localizaci\u00f3n e identificaci\u00f3n de personas desaparecidas.<\/p>\n<div class=\"jeg_ad jeg_ad_article jnews_content_inline_ads  \"><\/div>\n<p>Los cambios a la Ley General en Materia de Desaparici\u00f3n Forzada de Personas, Desaparici\u00f3n Cometida por Particulares y del Sistema Nacional de B\u00fasqueda de Personas, fueron avalados en lo general con 438 votos a favor, 38 en contra y cero abstenciones. En lo particular y en sus t\u00e9rminos recibi\u00f3 417 votos en pro, 60 en contra y cero abstenciones.<\/p>\n<p>En tanto, las reformas y adiciones a la Ley General de Poblaci\u00f3n, en lo general registraron 340 votos en pro, 104 en contra y 24 abstenciones. En lo particular y en t\u00e9rminos del proyecto de decreto se emitieron 345 votos a favor, 129 en contra y cero abstenciones.<\/p>\n<p>La propuesta plantea la creaci\u00f3n de una nueva CURP con elementos biom\u00e9tricos, como fotograf\u00eda y huellas dactilares, que funcionar\u00e1 como documento oficial de identidad en todo el pa\u00eds.<\/p>\n<p>Adem\u00e1s, la iniciativa abre la puerta a la geolocalizaci\u00f3n en tiempo real de las personas registradas en el padr\u00f3n poblacional. Legisladores que respaldaron la reforma afirman que estas medidas buscan fortalecer la identidad digital, reforzar la seguridad nacional y facilitar tr\u00e1mites administrativos mediante una identificaci\u00f3n \u00fanica y m\u00e1s robusta.<\/p>\n<p>Sin embargo, la reforma ha sido cuestionada por legisladores de oposici\u00f3n, quienes advierten sobre el posible uso indebido de los datos personales de la CURP, la falta de claridad sobre su manejo y el riesgo de vigilancia masiva o control excesivo por parte del gobierno.<\/p>\n<p>Como parte del acuerdo pol\u00edtico en la C\u00e1mara, se decidi\u00f3 separar del debate las reformas relacionadas con la desaparici\u00f3n forzada y el Sistema Nacional de B\u00fasqueda de Personas, con el fin de analizarlas y votarlas por separado.<\/p>\n","protected":false},"excerpt":{"rendered":"<p>La C\u00e1mara de Diputados aprob\u00f3 en lo general y en lo particular la minuta que reforma, adiciona y deroga diversas disposiciones de dos leyes generales, en materia de fortalecimiento de la legislaci\u00f3n sobre b\u00fasqueda, localizaci\u00f3n e identificaci\u00f3n de personas desaparecidas. Los cambios a la Ley General en Materia de Desaparici\u00f3n Forzada de Personas, Desaparici\u00f3n Cometida [&hellip;]<\/p>\n","protected":false},"author":2,"featured_media":223258,"comment_status":"closed","ping_status":"closed","sticky":false,"template":"","format":"standard","meta":{"footnotes":""},"categories":[12870,172],"tags":[12865,12874],"class_list":["post-223257","post","type-post","status-publish","format-standard","has-post-thumbnail","hentry","category-destacadas","category-nacional","tag-destacadas","tag-nacional"],"jetpack_featured_media_url":"https:\/\/rnoticias.com.mx\/Portal\/wp-content\/uploads\/2025\/07\/ley-desaparicion-diputados-senadores-congreso-1920x768-1.jpeg","amp_enabled":true,"_links":{"self":[{"href":"https:\/\/rnoticias.com.mx\/Portal\/wp-json\/wp\/v2\/posts\/223257","targetHints":{"allow":["GET"]}}],"collection":[{"href":"https:\/\/rnoticias.com.mx\/Portal\/wp-json\/wp\/v2\/posts"}],"about":[{"href":"https:\/\/rnoticias.com.mx\/Portal\/wp-json\/wp\/v2\/types\/post"}],"author":[{"embeddable":true,"href":"https:\/\/rnoticias.com.mx\/Portal\/wp-json\/wp\/v2\/users\/2"}],"replies":[{"embeddable":true,"href":"https:\/\/rnoticias.com.mx\/Portal\/wp-json\/wp\/v2\/comments?post=223257"}],"version-history":[{"count":1,"href":"https:\/\/rnoticias.com.mx\/Portal\/wp-json\/wp\/v2\/posts\/223257\/revisions"}],"predecessor-version":[{"id":223259,"href":"https:\/\/rnoticias.com.mx\/Portal\/wp-json\/wp\/v2\/posts\/223257\/revisions\/223259"}],"wp:featuredmedia":[{"embeddable":true,"href":"https:\/\/rnoticias.com.mx\/Portal\/wp-json\/wp\/v2\/media\/223258"}],"wp:attachment":[{"href":"https:\/\/rnoticias.com.mx\/Portal\/wp-json\/wp\/v2\/media?parent=223257"}],"wp:term":[{"taxonomy":"category","embeddable":true,"href":"https:\/\/rnoticias.com.mx\/Portal\/wp-json\/wp\/v2\/categories?post=223257"},{"taxonomy":"post_tag","embeddable":true,"href":"https:\/\/rnoticias.com.mx\/Portal\/wp-json\/wp\/v2\/tags?post=223257"}],"curies":[{"name":"wp","href":"https:\/\/api.w.org\/{rel}","templated":true}]}}