{"id":223254,"date":"2025-07-01T19:22:33","date_gmt":"2025-07-02T02:22:33","guid":{"rendered":"https:\/\/rnoticias.com.mx\/Portal\/?p=223254"},"modified":"2025-07-01T19:22:33","modified_gmt":"2025-07-02T02:22:33","slug":"capacitaran-a-estudiantes-de-itesca-en-sistemas-fotovoltaicos-gobierno-de-sonora","status":"publish","type":"post","link":"https:\/\/rnoticias.com.mx\/Portal\/2025\/07\/01\/capacitaran-a-estudiantes-de-itesca-en-sistemas-fotovoltaicos-gobierno-de-sonora\/","title":{"rendered":"Capacitar\u00e1n a estudiantes de Itesca en sistemas fotovoltaicos: Gobierno de Sonora"},"content":{"rendered":"<p align=\"left\">Cajeme, Sonora; 1 de julio de 2025.- Como parte de los esfuerzos del Gobierno de Sonora para promover el uso de las energ\u00edas renovables para un desarrollo sostenible, alumnado del Instituto Tecnol\u00f3gico Superior de Cajeme (Itesca) se capacitar\u00e1 en el manejo de sistemas fotovoltaicos con el apoyo de la empresa Ania Solar.<\/p>\n<p align=\"left\">Margarita V\u00e9lez de la Rocha, directora general de Itesca, y Jorge Luis Ochoa Tapia, director ejecutivo de Ania Solar, firmaron un convenio general de colaboraci\u00f3n, con el cual se pretende tambi\u00e9n contar con programas de apoyo acad\u00e9mico, de vinculaci\u00f3n e investigaci\u00f3n.<\/p>\n<p align=\"left\">Ambas instancias acordaron impartir capacitaciones t\u00e9cnicas, acad\u00e9micas o de desarrollo profesional, con la participaci\u00f3n de estudiantes y docentes de Itesca en \u00e1reas relacionadas con energ\u00edas renovables y eficiencia energ\u00e9tica, alineado a los objetivos del Plan Sonora de Energ\u00edas Sostenibles que impulsa el gobernador Alfonso Durazo.<\/p>\n<p align=\"left\">Asimismo, como resultado de la colaboraci\u00f3n, se desarrollar\u00e1n conjuntamente actividades que promuevan la innovaci\u00f3n tecnol\u00f3gica, la transferencia de conocimiento, la vinculaci\u00f3n acad\u00e9mica-industrial, y la organizaci\u00f3n conjunta de cursos de capacitaci\u00f3n, seminarios y talleres impartidos por Ania Solar.<\/p>\n<p align=\"left\">Adem\u00e1s, se acord\u00f3 el uso temporal y coordinado de espacios dentro de Itesca (aulas, laboratorios, auditorios) para la ejecuci\u00f3n de las capacitaciones y el desarrollo de proyectos conjuntos de investigaci\u00f3n e innovaci\u00f3n cient\u00edfico-tecnol\u00f3gica en las \u00e1reas de inter\u00e9s para ambas partes, entre otras acciones.<\/p>\n","protected":false},"excerpt":{"rendered":"<p>Cajeme, Sonora; 1 de julio de 2025.- Como parte de los esfuerzos del Gobierno de Sonora para promover el uso de las energ\u00edas renovables para un desarrollo sostenible, alumnado del Instituto Tecnol\u00f3gico Superior de Cajeme (Itesca) se capacitar\u00e1 en el manejo de sistemas fotovoltaicos con el apoyo de la empresa Ania Solar. Margarita V\u00e9lez de [&hellip;]<\/p>\n","protected":false},"author":2,"featured_media":223255,"comment_status":"closed","ping_status":"closed","sticky":false,"template":"","format":"standard","meta":{"footnotes":""},"categories":[174],"tags":[12873],"class_list":["post-223254","post","type-post","status-publish","format-standard","has-post-thumbnail","hentry","category-estatal","tag-estatal"],"jetpack_featured_media_url":"https:\/\/rnoticias.com.mx\/Portal\/wp-content\/uploads\/2025\/07\/unnamed-4.jpg","amp_enabled":true,"_links":{"self":[{"href":"https:\/\/rnoticias.com.mx\/Portal\/wp-json\/wp\/v2\/posts\/223254","targetHints":{"allow":["GET"]}}],"collection":[{"href":"https:\/\/rnoticias.com.mx\/Portal\/wp-json\/wp\/v2\/posts"}],"about":[{"href":"https:\/\/rnoticias.com.mx\/Portal\/wp-json\/wp\/v2\/types\/post"}],"author":[{"embeddable":true,"href":"https:\/\/rnoticias.com.mx\/Portal\/wp-json\/wp\/v2\/users\/2"}],"replies":[{"embeddable":true,"href":"https:\/\/rnoticias.com.mx\/Portal\/wp-json\/wp\/v2\/comments?post=223254"}],"version-history":[{"count":1,"href":"https:\/\/rnoticias.com.mx\/Portal\/wp-json\/wp\/v2\/posts\/223254\/revisions"}],"predecessor-version":[{"id":223256,"href":"https:\/\/rnoticias.com.mx\/Portal\/wp-json\/wp\/v2\/posts\/223254\/revisions\/223256"}],"wp:featuredmedia":[{"embeddable":true,"href":"https:\/\/rnoticias.com.mx\/Portal\/wp-json\/wp\/v2\/media\/223255"}],"wp:attachment":[{"href":"https:\/\/rnoticias.com.mx\/Portal\/wp-json\/wp\/v2\/media?parent=223254"}],"wp:term":[{"taxonomy":"category","embeddable":true,"href":"https:\/\/rnoticias.com.mx\/Portal\/wp-json\/wp\/v2\/categories?post=223254"},{"taxonomy":"post_tag","embeddable":true,"href":"https:\/\/rnoticias.com.mx\/Portal\/wp-json\/wp\/v2\/tags?post=223254"}],"curies":[{"name":"wp","href":"https:\/\/api.w.org\/{rel}","templated":true}]}}