{"id":223251,"date":"2025-07-01T19:07:35","date_gmt":"2025-07-02T02:07:35","guid":{"rendered":"https:\/\/rnoticias.com.mx\/Portal\/?p=223251"},"modified":"2025-07-01T19:07:35","modified_gmt":"2025-07-02T02:07:35","slug":"vinculados-a-proceso-ex-policias-por-posesion-de-metanfetamina-con-fines-de-comercio-y-atentado-contra-la-seguridad-publica","status":"publish","type":"post","link":"https:\/\/rnoticias.com.mx\/Portal\/2025\/07\/01\/vinculados-a-proceso-ex-policias-por-posesion-de-metanfetamina-con-fines-de-comercio-y-atentado-contra-la-seguridad-publica\/","title":{"rendered":"Vinculados a proceso ex polic\u00edas por posesi\u00f3n de metanfetamina con fines de comercio y atentado contra la seguridad p\u00fablica"},"content":{"rendered":"<p>Magdalena de Kino, Sonora, 30 de junio de 2025.- La Fiscal\u00eda General de Justicia del Estado de Sonora (FGJES) obtuvo de un Juez la vinculaci\u00f3n a proceso en contra de dos sujetos debido a su probable responsabilidad por los delitos de posesi\u00f3n de metanfetamina con fines de comercio y atentado contra la seguridad p\u00fablica.<\/p>\n<p>Los imputados, identificados como Luis Arturo \u201cN\u201d y Gabriel \u00c1ngel \u201cN\u201d son ex agentes de polic\u00eda de Magdalena de Kino, quienes fueron capturados mediante la ejecuci\u00f3n de \u00f3rdenes de cateo ejecutadas el 21 y el 22 de junio en ese municipio.<\/p>\n<p>Gabriel \u00c1ngel \u201cN\u201d, ex polic\u00eda municipal, fue capturado en un domicilio de la colonia San Felipe, siendo encontrado en posesi\u00f3n de cuatro veh\u00edculos, uno de ellos balizado como patrulla, mientras que Luis Arturo \u201cN\u201d, ex comisario de la Polic\u00eda Municipal de Magdalena de Kino, fue capturado en un domicilio de la colonia ISSSTESON, siendo encontrado en posesi\u00f3n de treinta y nueve envoltorios con cristal, un envoltorio con marihuana, un Ford Taurus modelo 2013, vestimenta y equipo t\u00e1ctico con la leyenda \u201cPolic\u00eda Municipal\u201d, entro otros indicios.<\/p>\n<p>Tras su captura, se llev\u00f3 a cabo la imputaci\u00f3n y vinculaci\u00f3n a proceso por los mencionados delitos, quedando ambos en prisi\u00f3n preventiva justificada, a la espera de que sigua su proceso penal, mientras tanto esta representaci\u00f3n social trabaja para fortalecer la investigaci\u00f3n y llegar a una sentencia condenatoria con una pena ejemplar.<\/p>\n","protected":false},"excerpt":{"rendered":"<p>Magdalena de Kino, Sonora, 30 de junio de 2025.- La Fiscal\u00eda General de Justicia del Estado de Sonora (FGJES) obtuvo de un Juez la vinculaci\u00f3n a proceso en contra de dos sujetos debido a su probable responsabilidad por los delitos de posesi\u00f3n de metanfetamina con fines de comercio y atentado contra la seguridad p\u00fablica. Los [&hellip;]<\/p>\n","protected":false},"author":2,"featured_media":223252,"comment_status":"closed","ping_status":"closed","sticky":false,"template":"","format":"standard","meta":{"footnotes":""},"categories":[12870,174],"tags":[12865,12873],"class_list":["post-223251","post","type-post","status-publish","format-standard","has-post-thumbnail","hentry","category-destacadas","category-estatal","tag-destacadas","tag-estatal"],"jetpack_featured_media_url":"https:\/\/rnoticias.com.mx\/Portal\/wp-content\/uploads\/2025\/07\/f0174361-d7f1-427f-a84a-eb97b1c28a01.jpg","amp_enabled":true,"_links":{"self":[{"href":"https:\/\/rnoticias.com.mx\/Portal\/wp-json\/wp\/v2\/posts\/223251","targetHints":{"allow":["GET"]}}],"collection":[{"href":"https:\/\/rnoticias.com.mx\/Portal\/wp-json\/wp\/v2\/posts"}],"about":[{"href":"https:\/\/rnoticias.com.mx\/Portal\/wp-json\/wp\/v2\/types\/post"}],"author":[{"embeddable":true,"href":"https:\/\/rnoticias.com.mx\/Portal\/wp-json\/wp\/v2\/users\/2"}],"replies":[{"embeddable":true,"href":"https:\/\/rnoticias.com.mx\/Portal\/wp-json\/wp\/v2\/comments?post=223251"}],"version-history":[{"count":1,"href":"https:\/\/rnoticias.com.mx\/Portal\/wp-json\/wp\/v2\/posts\/223251\/revisions"}],"predecessor-version":[{"id":223253,"href":"https:\/\/rnoticias.com.mx\/Portal\/wp-json\/wp\/v2\/posts\/223251\/revisions\/223253"}],"wp:featuredmedia":[{"embeddable":true,"href":"https:\/\/rnoticias.com.mx\/Portal\/wp-json\/wp\/v2\/media\/223252"}],"wp:attachment":[{"href":"https:\/\/rnoticias.com.mx\/Portal\/wp-json\/wp\/v2\/media?parent=223251"}],"wp:term":[{"taxonomy":"category","embeddable":true,"href":"https:\/\/rnoticias.com.mx\/Portal\/wp-json\/wp\/v2\/categories?post=223251"},{"taxonomy":"post_tag","embeddable":true,"href":"https:\/\/rnoticias.com.mx\/Portal\/wp-json\/wp\/v2\/tags?post=223251"}],"curies":[{"name":"wp","href":"https:\/\/api.w.org\/{rel}","templated":true}]}}