{"id":223245,"date":"2025-07-01T19:05:26","date_gmt":"2025-07-02T02:05:26","guid":{"rendered":"https:\/\/rnoticias.com.mx\/Portal\/?p=223245"},"modified":"2025-07-01T19:05:26","modified_gmt":"2025-07-02T02:05:26","slug":"vinculado-a-proceso-jesus-leonel-n-por-posesion-de-metanfetamina-con-fines-de-comercio-y-detentacion-de-vehiculo-con-reporte-de-robo","status":"publish","type":"post","link":"https:\/\/rnoticias.com.mx\/Portal\/2025\/07\/01\/vinculado-a-proceso-jesus-leonel-n-por-posesion-de-metanfetamina-con-fines-de-comercio-y-detentacion-de-vehiculo-con-reporte-de-robo\/","title":{"rendered":"Vinculado a proceso Jes\u00fas Leonel \u201cN\u201d por posesi\u00f3n de metanfetamina con fines de comercio y detentaci\u00f3n de veh\u00edculo con reporte de robo"},"content":{"rendered":"<p>Magdalena de Kino, Sonora, 01 de julio de 2025.- La Fiscal\u00eda General de Justicia del Estado de Sonora (FGJES), obtuvo la vinculaci\u00f3n a proceso contra Jes\u00fas Leonel \u201cN\u201d, se\u00f1alado como probable responsable de los delitos de posesi\u00f3n de metanfetamina con fines de comercio y detentaci\u00f3n de veh\u00edculo con reporte de robo, encontr\u00e1ndose ahora bajo la medida cautelar de prisi\u00f3n preventiva justificada.<\/p>\n<p>El proceso se inici\u00f3 tras la ejecuci\u00f3n de una orden de cateo el 22 de junio del a\u00f1o 2025 en el domicilio del imputado, en Magdalena de Kino, Sonora, durante dicha acci\u00f3n se aseguraron 29 envoltorios con metanfetamina.<\/p>\n<p>Adem\u00e1s, se localizaron tres veh\u00edculos con reporte de robo vigente: una camioneta GMC Sierra 2022, color azul, reportada como robada en Ontario, California, el 13 de septiembre de 2022; un Chevrolet S-10 2001, color rojo, robado en Nogales, Sonora, el 25 de mayo de 2025; y un Jeep Grand Cherokee 2014, color gris, reportado como robado en Tempe, Arizona, el 12 de julio de 2023.<\/p>\n<p>Debido a lo anterior, tras la diligencia de cateo el sujeto fue puesto a disposici\u00f3n de la autoridad correspondiente y se acredit\u00f3 ante el Juez la probable responsabilidad del se\u00f1alado por los delitos de posesi\u00f3n de metanfetamina con fines de comercio y detentaci\u00f3n de veh\u00edculo con reporte de robo, por lo que se le vincul\u00f3 a proceso y se le impuso la medida cautelar de prisi\u00f3n preventiva justificada.<\/p>\n<p>La Fiscal\u00eda General de Justicia del Estado de Sonora (FGJES) reitera su compromiso con el combate al tr\u00e1fico de estupefacientes y los delitos patrimoniales.<\/p>\n","protected":false},"excerpt":{"rendered":"<p>Magdalena de Kino, Sonora, 01 de julio de 2025.- La Fiscal\u00eda General de Justicia del Estado de Sonora (FGJES), obtuvo la vinculaci\u00f3n a proceso contra Jes\u00fas Leonel \u201cN\u201d, se\u00f1alado como probable responsable de los delitos de posesi\u00f3n de metanfetamina con fines de comercio y detentaci\u00f3n de veh\u00edculo con reporte de robo, encontr\u00e1ndose ahora bajo la [&hellip;]<\/p>\n","protected":false},"author":2,"featured_media":223246,"comment_status":"closed","ping_status":"closed","sticky":false,"template":"","format":"standard","meta":{"footnotes":""},"categories":[12870,174],"tags":[12865,12873],"class_list":["post-223245","post","type-post","status-publish","format-standard","has-post-thumbnail","hentry","category-destacadas","category-estatal","tag-destacadas","tag-estatal"],"jetpack_featured_media_url":"https:\/\/rnoticias.com.mx\/Portal\/wp-content\/uploads\/2025\/07\/d18b35ac-aec2-499a-a002-8c06d64afdd2.jpg","amp_enabled":true,"_links":{"self":[{"href":"https:\/\/rnoticias.com.mx\/Portal\/wp-json\/wp\/v2\/posts\/223245","targetHints":{"allow":["GET"]}}],"collection":[{"href":"https:\/\/rnoticias.com.mx\/Portal\/wp-json\/wp\/v2\/posts"}],"about":[{"href":"https:\/\/rnoticias.com.mx\/Portal\/wp-json\/wp\/v2\/types\/post"}],"author":[{"embeddable":true,"href":"https:\/\/rnoticias.com.mx\/Portal\/wp-json\/wp\/v2\/users\/2"}],"replies":[{"embeddable":true,"href":"https:\/\/rnoticias.com.mx\/Portal\/wp-json\/wp\/v2\/comments?post=223245"}],"version-history":[{"count":1,"href":"https:\/\/rnoticias.com.mx\/Portal\/wp-json\/wp\/v2\/posts\/223245\/revisions"}],"predecessor-version":[{"id":223247,"href":"https:\/\/rnoticias.com.mx\/Portal\/wp-json\/wp\/v2\/posts\/223245\/revisions\/223247"}],"wp:featuredmedia":[{"embeddable":true,"href":"https:\/\/rnoticias.com.mx\/Portal\/wp-json\/wp\/v2\/media\/223246"}],"wp:attachment":[{"href":"https:\/\/rnoticias.com.mx\/Portal\/wp-json\/wp\/v2\/media?parent=223245"}],"wp:term":[{"taxonomy":"category","embeddable":true,"href":"https:\/\/rnoticias.com.mx\/Portal\/wp-json\/wp\/v2\/categories?post=223245"},{"taxonomy":"post_tag","embeddable":true,"href":"https:\/\/rnoticias.com.mx\/Portal\/wp-json\/wp\/v2\/tags?post=223245"}],"curies":[{"name":"wp","href":"https:\/\/api.w.org\/{rel}","templated":true}]}}