{"id":223242,"date":"2025-07-01T19:04:33","date_gmt":"2025-07-02T02:04:33","guid":{"rendered":"https:\/\/rnoticias.com.mx\/Portal\/?p=223242"},"modified":"2025-07-01T19:04:33","modified_gmt":"2025-07-02T02:04:33","slug":"vinculan-a-proceso-a-mujer-por-maltrato-infantil-en-cajeme","status":"publish","type":"post","link":"https:\/\/rnoticias.com.mx\/Portal\/2025\/07\/01\/vinculan-a-proceso-a-mujer-por-maltrato-infantil-en-cajeme\/","title":{"rendered":"Vinculan a proceso a mujer por maltrato infantil en Cajeme"},"content":{"rendered":"<p>Cajeme, Sonora, 1 de julio de 2025.- En audiencia de formulaci\u00f3n de imputaci\u00f3n, fue vinculada a proceso Ana Cristina \u201cN\u201d, de 34 a\u00f1os, por el delito de maltrato infantil en agravio de su hijo, un menor de 16 a\u00f1os de edad de identidad reservada, por hechos ocurridos en octubre de 2024 en Ciudad Obreg\u00f3n.<\/p>\n<p>Datos de prueba expuestos por esta Fiscal\u00eda establecen que en un domicilio, ubicado en la colonia Cortinas, la imputada agredi\u00f3 f\u00edsica y psicoemocionalmente a su hijo luego de una discusi\u00f3n, arroj\u00e1ndole alcohol en la zona del est\u00f3mago y posteriormente prendi\u00e9ndole fuego con un cerillo, ocasion\u00e1ndole lesiones f\u00edsicas y da\u00f1o psicol\u00f3gico.<\/p>\n<p>El Juez resolvi\u00f3 imponer como medida cautelar la prisi\u00f3n preventiva justificada, adem\u00e1s, fij\u00f3 un plazo de dos meses para el cierre de la investigaci\u00f3n complementaria, durante el cual esta representaci\u00f3n continuar\u00e1 con las diligencias ministeriales para el esclarecimiento total de los hechos.<\/p>\n<p>La Fiscal\u00eda General de Justicia del Estado de Sonora (FGJES) refrenda su compromiso de actuar con firmeza en la protecci\u00f3n de ni\u00f1as, ni\u00f1os y adolescentes, garantizando el acceso a la justicia y la no repetici\u00f3n de actos que vulneren su integridad.<\/p>\n","protected":false},"excerpt":{"rendered":"<p>Cajeme, Sonora, 1 de julio de 2025.- En audiencia de formulaci\u00f3n de imputaci\u00f3n, fue vinculada a proceso Ana Cristina \u201cN\u201d, de 34 a\u00f1os, por el delito de maltrato infantil en agravio de su hijo, un menor de 16 a\u00f1os de edad de identidad reservada, por hechos ocurridos en octubre de 2024 en Ciudad Obreg\u00f3n. Datos [&hellip;]<\/p>\n","protected":false},"author":2,"featured_media":223243,"comment_status":"closed","ping_status":"closed","sticky":false,"template":"","format":"standard","meta":{"footnotes":""},"categories":[12870,174],"tags":[12865,12873],"class_list":["post-223242","post","type-post","status-publish","format-standard","has-post-thumbnail","hentry","category-destacadas","category-estatal","tag-destacadas","tag-estatal"],"jetpack_featured_media_url":"https:\/\/rnoticias.com.mx\/Portal\/wp-content\/uploads\/2025\/07\/4960825b-8ebd-4390-a116-2886edb3a7e0.jpg","amp_enabled":true,"_links":{"self":[{"href":"https:\/\/rnoticias.com.mx\/Portal\/wp-json\/wp\/v2\/posts\/223242","targetHints":{"allow":["GET"]}}],"collection":[{"href":"https:\/\/rnoticias.com.mx\/Portal\/wp-json\/wp\/v2\/posts"}],"about":[{"href":"https:\/\/rnoticias.com.mx\/Portal\/wp-json\/wp\/v2\/types\/post"}],"author":[{"embeddable":true,"href":"https:\/\/rnoticias.com.mx\/Portal\/wp-json\/wp\/v2\/users\/2"}],"replies":[{"embeddable":true,"href":"https:\/\/rnoticias.com.mx\/Portal\/wp-json\/wp\/v2\/comments?post=223242"}],"version-history":[{"count":1,"href":"https:\/\/rnoticias.com.mx\/Portal\/wp-json\/wp\/v2\/posts\/223242\/revisions"}],"predecessor-version":[{"id":223244,"href":"https:\/\/rnoticias.com.mx\/Portal\/wp-json\/wp\/v2\/posts\/223242\/revisions\/223244"}],"wp:featuredmedia":[{"embeddable":true,"href":"https:\/\/rnoticias.com.mx\/Portal\/wp-json\/wp\/v2\/media\/223243"}],"wp:attachment":[{"href":"https:\/\/rnoticias.com.mx\/Portal\/wp-json\/wp\/v2\/media?parent=223242"}],"wp:term":[{"taxonomy":"category","embeddable":true,"href":"https:\/\/rnoticias.com.mx\/Portal\/wp-json\/wp\/v2\/categories?post=223242"},{"taxonomy":"post_tag","embeddable":true,"href":"https:\/\/rnoticias.com.mx\/Portal\/wp-json\/wp\/v2\/tags?post=223242"}],"curies":[{"name":"wp","href":"https:\/\/api.w.org\/{rel}","templated":true}]}}