{"id":223239,"date":"2025-07-01T19:03:58","date_gmt":"2025-07-02T02:03:58","guid":{"rendered":"https:\/\/rnoticias.com.mx\/Portal\/?p=223239"},"modified":"2025-07-01T19:03:58","modified_gmt":"2025-07-02T02:03:58","slug":"vinculan-a-proceso-a-sujeto-por-abuso-sexual-contra-conductora-de-taxi-en-nogales","status":"publish","type":"post","link":"https:\/\/rnoticias.com.mx\/Portal\/2025\/07\/01\/vinculan-a-proceso-a-sujeto-por-abuso-sexual-contra-conductora-de-taxi-en-nogales\/","title":{"rendered":"Vinculan a proceso a sujeto por abuso sexual contra conductora de taxi en Nogales"},"content":{"rendered":"<p>Nogales, Sonora, 1 de julio de 2025.- La Fiscal\u00eda General de Justicia del Estado de Sonora (FGJES) obtuvo la vinculaci\u00f3n a proceso con prisi\u00f3n preventiva justificada en contra de Luis Alberto \u201cN\u201d, de 32 a\u00f1os, por su probable responsabilidad en el delito de abuso sexual en perjuicio de una mujer de 29 a\u00f1os, conductora de un taxi en Nogales.<\/p>\n<p>En la carpeta de investigaci\u00f3n qued\u00f3 asentado que los hechos se suscitaron la madrugada del 27 de junio, aproximadamente a las 01:01 horas, cuando el imputado abord\u00f3 el taxi tipo sed\u00e1n marca Nissan, conducido por la v\u00edctima.<\/p>\n<p>Al circular por avenida Obreg\u00f3n, en la colonia Centro, el sujeto realiz\u00f3 tocamientos sexuales no consentidos en las piernas y gl\u00fateos de la v\u00edctima, quien detuvo la unidad y solicit\u00f3 el apoyo de elementos de Polic\u00eda Preventiva y Tr\u00e1nsito Municipal, que detuvieron al imputado en flagrancia delictiva a las 01:09 horas.<\/p>\n<p>Durante la audiencia de control de detenci\u00f3n, se calific\u00f3 de legal la misma, se formul\u00f3 imputaci\u00f3n y se obtuvo la vinculaci\u00f3n a proceso, imponi\u00e9ndose como medida cautelar la prisi\u00f3n preventiva justificada y concedi\u00e9ndose un plazo de dos meses para el cierre de la investigaci\u00f3n complementaria.<\/p>\n<p>La Fiscal\u00eda General de Justicia del Estado de Sonora refrenda su compromiso con el combate a los delitos sexuales y con la atenci\u00f3n oportuna y profesional a las v\u00edctimas, garantizando acceso a la justicia y sanci\u00f3n a los agresores.<\/p>\n","protected":false},"excerpt":{"rendered":"<p>Nogales, Sonora, 1 de julio de 2025.- La Fiscal\u00eda General de Justicia del Estado de Sonora (FGJES) obtuvo la vinculaci\u00f3n a proceso con prisi\u00f3n preventiva justificada en contra de Luis Alberto \u201cN\u201d, de 32 a\u00f1os, por su probable responsabilidad en el delito de abuso sexual en perjuicio de una mujer de 29 a\u00f1os, conductora de [&hellip;]<\/p>\n","protected":false},"author":2,"featured_media":223240,"comment_status":"closed","ping_status":"closed","sticky":false,"template":"","format":"standard","meta":{"footnotes":""},"categories":[12870,174],"tags":[12865,12873],"class_list":["post-223239","post","type-post","status-publish","format-standard","has-post-thumbnail","hentry","category-destacadas","category-estatal","tag-destacadas","tag-estatal"],"jetpack_featured_media_url":"https:\/\/rnoticias.com.mx\/Portal\/wp-content\/uploads\/2025\/07\/a7768233-2f50-40cf-abc5-34bbf38c4979.jpg","amp_enabled":true,"_links":{"self":[{"href":"https:\/\/rnoticias.com.mx\/Portal\/wp-json\/wp\/v2\/posts\/223239","targetHints":{"allow":["GET"]}}],"collection":[{"href":"https:\/\/rnoticias.com.mx\/Portal\/wp-json\/wp\/v2\/posts"}],"about":[{"href":"https:\/\/rnoticias.com.mx\/Portal\/wp-json\/wp\/v2\/types\/post"}],"author":[{"embeddable":true,"href":"https:\/\/rnoticias.com.mx\/Portal\/wp-json\/wp\/v2\/users\/2"}],"replies":[{"embeddable":true,"href":"https:\/\/rnoticias.com.mx\/Portal\/wp-json\/wp\/v2\/comments?post=223239"}],"version-history":[{"count":1,"href":"https:\/\/rnoticias.com.mx\/Portal\/wp-json\/wp\/v2\/posts\/223239\/revisions"}],"predecessor-version":[{"id":223241,"href":"https:\/\/rnoticias.com.mx\/Portal\/wp-json\/wp\/v2\/posts\/223239\/revisions\/223241"}],"wp:featuredmedia":[{"embeddable":true,"href":"https:\/\/rnoticias.com.mx\/Portal\/wp-json\/wp\/v2\/media\/223240"}],"wp:attachment":[{"href":"https:\/\/rnoticias.com.mx\/Portal\/wp-json\/wp\/v2\/media?parent=223239"}],"wp:term":[{"taxonomy":"category","embeddable":true,"href":"https:\/\/rnoticias.com.mx\/Portal\/wp-json\/wp\/v2\/categories?post=223239"},{"taxonomy":"post_tag","embeddable":true,"href":"https:\/\/rnoticias.com.mx\/Portal\/wp-json\/wp\/v2\/tags?post=223239"}],"curies":[{"name":"wp","href":"https:\/\/api.w.org\/{rel}","templated":true}]}}