{"id":223227,"date":"2025-07-01T18:14:20","date_gmt":"2025-07-02T01:14:20","guid":{"rendered":"https:\/\/rnoticias.com.mx\/Portal\/?p=223227"},"modified":"2025-07-01T18:14:20","modified_gmt":"2025-07-02T01:14:20","slug":"presenta-campana-de-boteo-2025-teleton-lo-cambia-todo","status":"publish","type":"post","link":"https:\/\/rnoticias.com.mx\/Portal\/2025\/07\/01\/presenta-campana-de-boteo-2025-teleton-lo-cambia-todo\/","title":{"rendered":"Presenta campa\u00f1a de Boteo 2025:  \u201cTelet\u00f3n lo Cambia Todo\u201d"},"content":{"rendered":"<p>El d\u00eda de hoy se llev\u00f3 a cabo una rueda de prensa en el Centro de Rehabilitaci\u00f3n e Inclusi\u00f3n Infantil Telet\u00f3n (CRIT) Sonora, donde se present\u00f3 oficialmente la campa\u00f1a de Boteo 2025 bajo el lema <strong>\u201cTelet\u00f3n lo Cambia Todo\u201d<\/strong> y se dieron a conocer las estrategias para alcanzar las metas de recaudaci\u00f3n y apoyo a ni\u00f1as, ni\u00f1os y adolescentes con discapacidad en el estado.<\/p>\n<p>&nbsp;<\/p>\n<p>Durante el evento, el pres\u00eddium estuvo conformado por:<\/p>\n<p>&nbsp;<\/p>\n<ul>\n<li><strong>Lic. Marisol Lomel\u00edn Pacheco<\/strong>, Directora General del CRIT Sonora<\/li>\n<li><strong>Dr. Jos\u00e9 Mar\u00eda Cota Campas<\/strong>, Director M\u00e9dico del CRIT Sonora<\/li>\n<li><strong>Lic. Silvia \u00c1lvarez Amaya<\/strong>, Presidenta del Consejo Local Benefactor del CRIT Sonora<\/li>\n<li><strong>Lic. Micheli Reyes Rosas, <\/strong>Promotor\u00eda de Recaudaci\u00f3n Estatal Fundaci\u00f3n Telet\u00f3n<\/li>\n<\/ul>\n<p><strong>\u00a0<\/strong><\/p>\n<p>En la rueda de prensa se destac\u00f3 que Fundaci\u00f3n Telet\u00f3n no solo se caracteriza por su modelo m\u00e9dico de atenci\u00f3n multidisciplinario, sino tambi\u00e9n por integrar innovaci\u00f3n y tecnolog\u00eda en las terapias que ofrece a sus usuarios. Su prop\u00f3sito es impactar positivamente a la sociedad y promover la inclusi\u00f3n de ni\u00f1as, ni\u00f1os y adolescentes con discapacidad en M\u00e9xico, sumando esfuerzos para lograrlo.<\/p>\n<p>&nbsp;<\/p>\n<p>Una de las campa\u00f1as m\u00e1s emblem\u00e1ticas y con mayor presencia nacional es el tradicional <strong>boteo Telet\u00f3n<\/strong>, que en 2025 adopta el lema: <strong>\u201cTelet\u00f3n lo Cambia Todo\u201d<\/strong>. Este a\u00f1o presenta un reto importante, pues el evento principal cambia de fecha y se realizar\u00e1 el pr\u00f3ximo <strong>11 de octubre<\/strong>, cuando se cerrar\u00e1 la campa\u00f1a con un magno evento nacional.<\/p>\n<p>&nbsp;<\/p>\n<p>Con el objetivo de superar las metas de recaudaci\u00f3n y aumentar el impacto social, Fundaci\u00f3n Telet\u00f3n invita a la comunidad a sumarse activamente mediante diferentes programas:<\/p>\n<p>&nbsp;<\/p>\n<ul>\n<li><strong>Boteo tradicional Telet\u00f3n<\/strong><\/li>\n<li><strong>Boteo digital<\/strong> (iniciativas y retos)<\/li>\n<li><strong>Programa Crowdfunding<\/strong><\/li>\n<\/ul>\n<p>&nbsp;<\/p>\n<p>Para CRIT Sonora, la meta de recaudaci\u00f3n es de <strong>$2,997,000.00 pesos<\/strong>, con la colocaci\u00f3n de <strong>2,502 alcanc\u00edas<\/strong> distribuidas en todo el estado, gracias a la participaci\u00f3n de escuelas, empresas e instituciones que se unen a\u00f1o con a\u00f1o a esta causa.<\/p>\n<p>&nbsp;<\/p>\n<p>El arranque oficial de la campa\u00f1a se realiz\u00f3 con el tradicional <strong>corte de list\u00f3n<\/strong>, encabezado por la <strong>Lic. Silvia \u00c1lvarez<\/strong>, Presidenta del Consejo Local Benefactor, quien dio por iniciadas formalmente las actividades del Telet\u00f3n 2025 en Sonora. Este momento cont\u00f3 con la presencia de otros miembros del pres\u00eddium y representantes invitados, consolidando el compromiso de todos para sumar esfuerzos en favor de la inclusi\u00f3n y rehabilitaci\u00f3n de ni\u00f1as, ni\u00f1os y adolescentes en el estado.<\/p>\n<p>&nbsp;<\/p>\n<p>\u201cPara nosotros es fundamental contar con el apoyo de empresas y personas altruistas sensibilizadas con la discapacidad, que sumen voluntades para lograr la rehabilitaci\u00f3n de nuestras ni\u00f1as y ni\u00f1os en Sonora\u201d, se\u00f1alaron los representantes durante la rueda de prensa.<\/p>\n<p>&nbsp;<\/p>\n<p>Con la participaci\u00f3n de todos, Fundaci\u00f3n Telet\u00f3n est\u00e1 segura de que en 2025 se lograr\u00e1n grandes resultados que transformar\u00e1n vidas y mejorar\u00e1n la calidad de vida de quienes m\u00e1s lo necesitan.<\/p>\n","protected":false},"excerpt":{"rendered":"<p>El d\u00eda de hoy se llev\u00f3 a cabo una rueda de prensa en el Centro de Rehabilitaci\u00f3n e Inclusi\u00f3n Infantil Telet\u00f3n (CRIT) Sonora, donde se present\u00f3 oficialmente la campa\u00f1a de Boteo 2025 bajo el lema \u201cTelet\u00f3n lo Cambia Todo\u201d y se dieron a conocer las estrategias para alcanzar las metas de recaudaci\u00f3n y apoyo a [&hellip;]<\/p>\n","protected":false},"author":2,"featured_media":223228,"comment_status":"closed","ping_status":"closed","sticky":false,"template":"","format":"standard","meta":{"footnotes":""},"categories":[12870,178],"tags":[12865,12869],"class_list":["post-223227","post","type-post","status-publish","format-standard","has-post-thumbnail","hentry","category-destacadas","category-local","tag-destacadas","tag-local"],"jetpack_featured_media_url":"https:\/\/rnoticias.com.mx\/Portal\/wp-content\/uploads\/2025\/07\/b51cfe22-7656-4b7e-b4a4-b74c2922ac6f.jpg","amp_enabled":true,"_links":{"self":[{"href":"https:\/\/rnoticias.com.mx\/Portal\/wp-json\/wp\/v2\/posts\/223227","targetHints":{"allow":["GET"]}}],"collection":[{"href":"https:\/\/rnoticias.com.mx\/Portal\/wp-json\/wp\/v2\/posts"}],"about":[{"href":"https:\/\/rnoticias.com.mx\/Portal\/wp-json\/wp\/v2\/types\/post"}],"author":[{"embeddable":true,"href":"https:\/\/rnoticias.com.mx\/Portal\/wp-json\/wp\/v2\/users\/2"}],"replies":[{"embeddable":true,"href":"https:\/\/rnoticias.com.mx\/Portal\/wp-json\/wp\/v2\/comments?post=223227"}],"version-history":[{"count":1,"href":"https:\/\/rnoticias.com.mx\/Portal\/wp-json\/wp\/v2\/posts\/223227\/revisions"}],"predecessor-version":[{"id":223229,"href":"https:\/\/rnoticias.com.mx\/Portal\/wp-json\/wp\/v2\/posts\/223227\/revisions\/223229"}],"wp:featuredmedia":[{"embeddable":true,"href":"https:\/\/rnoticias.com.mx\/Portal\/wp-json\/wp\/v2\/media\/223228"}],"wp:attachment":[{"href":"https:\/\/rnoticias.com.mx\/Portal\/wp-json\/wp\/v2\/media?parent=223227"}],"wp:term":[{"taxonomy":"category","embeddable":true,"href":"https:\/\/rnoticias.com.mx\/Portal\/wp-json\/wp\/v2\/categories?post=223227"},{"taxonomy":"post_tag","embeddable":true,"href":"https:\/\/rnoticias.com.mx\/Portal\/wp-json\/wp\/v2\/tags?post=223227"}],"curies":[{"name":"wp","href":"https:\/\/api.w.org\/{rel}","templated":true}]}}