{"id":223221,"date":"2025-07-01T17:40:01","date_gmt":"2025-07-02T00:40:01","guid":{"rendered":"https:\/\/rnoticias.com.mx\/Portal\/?p=223221"},"modified":"2025-07-01T17:40:01","modified_gmt":"2025-07-02T00:40:01","slug":"temas-arancelarios-frenan-expectativas-de-crecimiento-economico-en-mexico-coparmex-sonora-norte","status":"publish","type":"post","link":"https:\/\/rnoticias.com.mx\/Portal\/2025\/07\/01\/temas-arancelarios-frenan-expectativas-de-crecimiento-economico-en-mexico-coparmex-sonora-norte\/","title":{"rendered":"Temas arancelarios frenan expectativas de crecimiento econ\u00f3mico en M\u00e9xico: Coparmex Sonora Norte"},"content":{"rendered":"<div data-olk-copy-source=\"MessageBody\">Los conflictos arancelarios a nivel internacional han impactado de manera directa en las expectativas econ\u00f3micas de M\u00e9xico para el resto del a\u00f1o, advirti\u00f3 Coparmex Sonora Norte.<\/div>\n<div aria-hidden=\"true\"><\/div>\n<div>El presidente del organismo, Gilberto Robles Bustamante, se\u00f1al\u00f3 que el fen\u00f3meno del nearshoring, que promet\u00eda atraer nuevas inversiones al pa\u00eds, se ha desacelerado debido a las tensiones comerciales globales, lo que ha generado un entorno de recesi\u00f3n t\u00e9cnica.<\/div>\n<div><\/div>\n<div><b>Creo que un\u00a0gran reto para todos en este momento es seguir trabajando en momentos recesivos. \u00bfQu\u00e9 quiere\u00a0decir esto? El reto viene por el lado de cuidar las finanzas, cuidar los cr\u00e9ditos, cuidar a los\u00a0clientes, cuidar a los colaboradores. \u00bfC\u00f3mo logramos hacer que las empresas se hagan m\u00e1s\u00a0eficientes? Pues para que le puedan hacer frente a estos momentos recesivos\u201d, precis\u00f3.<\/b><\/div>\n<div aria-hidden=\"true\"><\/div>\n<div>Asimismo, hizo un llamado a que tanto el sector privado como el gobierno asuman su responsabilidad en esta etapa y consider\u00f3 adem\u00e1s que es necesario que las autoridades tambi\u00e9n hagan ajustes y promuevan condiciones que permitan a las empresas sobrevivir y fortalecerse.<\/div>\n","protected":false},"excerpt":{"rendered":"<p>Los conflictos arancelarios a nivel internacional han impactado de manera directa en las expectativas econ\u00f3micas de M\u00e9xico para el resto del a\u00f1o, advirti\u00f3 Coparmex Sonora Norte. El presidente del organismo, Gilberto Robles Bustamante, se\u00f1al\u00f3 que el fen\u00f3meno del nearshoring, que promet\u00eda atraer nuevas inversiones al pa\u00eds, se ha desacelerado debido a las tensiones comerciales globales, [&hellip;]<\/p>\n","protected":false},"author":2,"featured_media":223222,"comment_status":"closed","ping_status":"closed","sticky":false,"template":"","format":"standard","meta":{"footnotes":""},"categories":[12870,178],"tags":[12865,12869],"class_list":["post-223221","post","type-post","status-publish","format-standard","has-post-thumbnail","hentry","category-destacadas","category-local","tag-destacadas","tag-local"],"jetpack_featured_media_url":"https:\/\/rnoticias.com.mx\/Portal\/wp-content\/uploads\/2025\/07\/Logo-Coparmex-Sonora-Norte.jpg","amp_enabled":true,"_links":{"self":[{"href":"https:\/\/rnoticias.com.mx\/Portal\/wp-json\/wp\/v2\/posts\/223221","targetHints":{"allow":["GET"]}}],"collection":[{"href":"https:\/\/rnoticias.com.mx\/Portal\/wp-json\/wp\/v2\/posts"}],"about":[{"href":"https:\/\/rnoticias.com.mx\/Portal\/wp-json\/wp\/v2\/types\/post"}],"author":[{"embeddable":true,"href":"https:\/\/rnoticias.com.mx\/Portal\/wp-json\/wp\/v2\/users\/2"}],"replies":[{"embeddable":true,"href":"https:\/\/rnoticias.com.mx\/Portal\/wp-json\/wp\/v2\/comments?post=223221"}],"version-history":[{"count":1,"href":"https:\/\/rnoticias.com.mx\/Portal\/wp-json\/wp\/v2\/posts\/223221\/revisions"}],"predecessor-version":[{"id":223223,"href":"https:\/\/rnoticias.com.mx\/Portal\/wp-json\/wp\/v2\/posts\/223221\/revisions\/223223"}],"wp:featuredmedia":[{"embeddable":true,"href":"https:\/\/rnoticias.com.mx\/Portal\/wp-json\/wp\/v2\/media\/223222"}],"wp:attachment":[{"href":"https:\/\/rnoticias.com.mx\/Portal\/wp-json\/wp\/v2\/media?parent=223221"}],"wp:term":[{"taxonomy":"category","embeddable":true,"href":"https:\/\/rnoticias.com.mx\/Portal\/wp-json\/wp\/v2\/categories?post=223221"},{"taxonomy":"post_tag","embeddable":true,"href":"https:\/\/rnoticias.com.mx\/Portal\/wp-json\/wp\/v2\/tags?post=223221"}],"curies":[{"name":"wp","href":"https:\/\/api.w.org\/{rel}","templated":true}]}}