{"id":223215,"date":"2025-07-01T17:03:29","date_gmt":"2025-07-02T00:03:29","guid":{"rendered":"https:\/\/rnoticias.com.mx\/Portal\/?p=223215"},"modified":"2025-07-01T17:03:29","modified_gmt":"2025-07-02T00:03:29","slug":"convoca-idh-a-proponer-prospectos-para-el-salon-de-la-fama-del-deportista-hermosillense","status":"publish","type":"post","link":"https:\/\/rnoticias.com.mx\/Portal\/2025\/07\/01\/convoca-idh-a-proponer-prospectos-para-el-salon-de-la-fama-del-deportista-hermosillense\/","title":{"rendered":"Convoca IDH a proponer prospectos para el Sal\u00f3n de la Fama del Deportista Hermosillense"},"content":{"rendered":"<p>Hermosillo, Sonora; 1 de julio, 2025.- \u201cEl talento deportivo debe ser reconocido, es importante porque hay muchos j\u00f3venes y ni\u00f1os que pueden en los salones de la fama una inspiraci\u00f3n para que puedan seguir con su trayectoria, que vean que s\u00ed se reconoce el talento en Hermosillo\u201d, afirm\u00f3 Rafael Cruz Flores, al presentar la convocatoria de este a\u00f1o del Sal\u00f3n de la Fama del Deportista Hermosillense.<\/p>\n<p>El director del Instituto del Deporte de Hermosillo (IDH) comparti\u00f3 detalles de esta modalidad de reconocimiento, acompa\u00f1ado por Jos\u00e9 de Jes\u00fas Rivas Robles y Alejandro Flores Ruiz, vicepresidente del Consejo Directivo y director del Sal\u00f3n de la Fama del Deportista Hermosillense, respectivamente, quienes llamaron a correr la voz a fin de que toda aquella persona con m\u00e9ritos sea considerada para esta distinci\u00f3n.<\/p>\n<p>Rafael Cruz Flores explic\u00f3 que este a\u00f1o el n\u00famero m\u00e1ximo de personas entronizadas ser\u00e1 de 10, en una ceremonia especial a realizarse en fecha por definir de diciembre de 2025, en el gimnasio Sergio Maldonado Cota del complejo deportivo Nacameri.<\/p>\n<p>El llamado es a instituciones p\u00fablicas y privadas, organizaciones, clubes deportivos y comunidad en general a que propongan candidatas y candidatos que hayan destacado deportivamente, o bien por dirigir, entrenar, arbitrar, ser cronistas o historiadores deportivos, explicaron.<\/p>\n<p>Alejandro Flores Ruiz, puso a disposici\u00f3n el n\u00famero telef\u00f3nico 6622769981 para quienes tengan inter\u00e9s en ampliar la informaci\u00f3n sobre la convocatoria de este a\u00f1o.<\/p>\n<p>Perfil de las y los prospectos:<\/p>\n<p>-Hermosillense con notable carrera en deporte, ya sea de aficionados o profesional, de comportamiento honesto dentro y fuera del terreno de juego.<\/p>\n<p>-Tener al menos 5 a\u00f1os de haberse retirado del deporte de alto rendimiento o del deporte profesional.<\/p>\n<p>-Podr\u00e1n ser propuestos quienes, en plenitud de sus facultades f\u00edsicas, hayan fallecido.<\/p>\n<p>-Deber\u00e1n haber participado en m\u00ednimo 3 campeonatos municipales, 3 estatales, 3 regionales y 3 nacionales convocados por la federaci\u00f3n deportiva correspondiente.<\/p>\n<p>-Las y los deportistas profesionales deben presentar documentos que confirmen su participaci\u00f3n en 3 temporadas m\u00ednimo.<\/p>\n<p>-Una comisi\u00f3n t\u00e9cnica evaluar\u00e1 las propuestas y sus documentos y turnar\u00e1 las que cumplan los requisitos al Comit\u00e9 Elector para su votaci\u00f3n.<\/p>\n<p>-El presidente del Comit\u00e9 de Veteranos, en coordinaci\u00f3n con la Comisi\u00f3n T\u00e9cnica, decidir\u00e1 a la persona de 55 a\u00f1os o m\u00e1s que se incluir\u00e1 de forma directa en el nicho de inmortales.<\/p>\n<p>Fuente: IDH<\/p>\n","protected":false},"excerpt":{"rendered":"<p>Hermosillo, Sonora; 1 de julio, 2025.- \u201cEl talento deportivo debe ser reconocido, es importante porque hay muchos j\u00f3venes y ni\u00f1os que pueden en los salones de la fama una inspiraci\u00f3n para que puedan seguir con su trayectoria, que vean que s\u00ed se reconoce el talento en Hermosillo\u201d, afirm\u00f3 Rafael Cruz Flores, al presentar la convocatoria [&hellip;]<\/p>\n","protected":false},"author":2,"featured_media":223216,"comment_status":"closed","ping_status":"closed","sticky":false,"template":"","format":"standard","meta":{"footnotes":""},"categories":[188,12870],"tags":[5231,12865],"class_list":["post-223215","post","type-post","status-publish","format-standard","has-post-thumbnail","hentry","category-deportes","category-destacadas","tag-deportes","tag-destacadas"],"jetpack_featured_media_url":"https:\/\/rnoticias.com.mx\/Portal\/wp-content\/uploads\/2025\/07\/9c22a4d6-a442-444c-b59b-0a7854e51c3d.jpg","amp_enabled":true,"_links":{"self":[{"href":"https:\/\/rnoticias.com.mx\/Portal\/wp-json\/wp\/v2\/posts\/223215","targetHints":{"allow":["GET"]}}],"collection":[{"href":"https:\/\/rnoticias.com.mx\/Portal\/wp-json\/wp\/v2\/posts"}],"about":[{"href":"https:\/\/rnoticias.com.mx\/Portal\/wp-json\/wp\/v2\/types\/post"}],"author":[{"embeddable":true,"href":"https:\/\/rnoticias.com.mx\/Portal\/wp-json\/wp\/v2\/users\/2"}],"replies":[{"embeddable":true,"href":"https:\/\/rnoticias.com.mx\/Portal\/wp-json\/wp\/v2\/comments?post=223215"}],"version-history":[{"count":1,"href":"https:\/\/rnoticias.com.mx\/Portal\/wp-json\/wp\/v2\/posts\/223215\/revisions"}],"predecessor-version":[{"id":223217,"href":"https:\/\/rnoticias.com.mx\/Portal\/wp-json\/wp\/v2\/posts\/223215\/revisions\/223217"}],"wp:featuredmedia":[{"embeddable":true,"href":"https:\/\/rnoticias.com.mx\/Portal\/wp-json\/wp\/v2\/media\/223216"}],"wp:attachment":[{"href":"https:\/\/rnoticias.com.mx\/Portal\/wp-json\/wp\/v2\/media?parent=223215"}],"wp:term":[{"taxonomy":"category","embeddable":true,"href":"https:\/\/rnoticias.com.mx\/Portal\/wp-json\/wp\/v2\/categories?post=223215"},{"taxonomy":"post_tag","embeddable":true,"href":"https:\/\/rnoticias.com.mx\/Portal\/wp-json\/wp\/v2\/tags?post=223215"}],"curies":[{"name":"wp","href":"https:\/\/api.w.org\/{rel}","templated":true}]}}