{"id":223209,"date":"2025-07-01T17:01:29","date_gmt":"2025-07-02T00:01:29","guid":{"rendered":"https:\/\/rnoticias.com.mx\/Portal\/?p=223209"},"modified":"2025-07-01T17:01:29","modified_gmt":"2025-07-02T00:01:29","slug":"cancelan-festejos-por-la-independencia-de-eeuu-en-los-angeles-debido-a-redadas-migratorias","status":"publish","type":"post","link":"https:\/\/rnoticias.com.mx\/Portal\/2025\/07\/01\/cancelan-festejos-por-la-independencia-de-eeuu-en-los-angeles-debido-a-redadas-migratorias\/","title":{"rendered":"Cancelan festejos por la Independencia de EEUU en Los \u00c1ngeles debido a redadas migratorias"},"content":{"rendered":"<p>Varias ciudades del condado de Los \u00c1ngeles y sus alrededores han cancelado o pospuesto sus celebraciones del D\u00eda de la Independencia de EE.UU. que se celebra el pr\u00f3ximo viernes 4 de julio en el pa\u00eds debido a las redadas migratorias que entraron este lunes en su cuarta semana.<\/p>\n<div class=\"jeg_ad jeg_ad_article jnews_content_inline_ads  \"><\/div>\n<p>Entre los eventos cancelados m\u00e1s destacados se encuentra la Fiesta de la Calle de Verano del Parque Gloria Molina Grand, ubicado frente a la alcald\u00eda de Los \u00c1ngeles<\/p>\n<p>La celebraci\u00f3n que estaba programada para la tarde del 4 de julio fue cancelada debido a los \u201crecientes acontecimientos\u201d que afectan a la ciudad y parte de la regi\u00f3n, seg\u00fan dijeron los organizadores en las redes sociales.<\/p>\n<p>No se program\u00f3 una nueva fecha del evento que suele reunir a millares de familias que llegan a disfrutar de los fuegos artificiales, en una de las fechas m\u00e1s ic\u00f3nicas del a\u00f1o.<\/p>\n<p>Gobiernos de ciudades eminentemente latinas como Cudahy y Bell Gardens, donde el 97 por ciento y 96% se identifica como hispano, respectivamente, tambi\u00e9n han cancelado las celebraciones por la Independencia.<\/p>\n<p>Los funcionarios municipales indicaron que las cancelaciones se debieron a \u201cuna medida de precauci\u00f3n ante la preocupaci\u00f3n por la seguridad de los residentes debido a las actividades de control migratorio federal\u201d.<\/p>\n<p>As\u00ed mismo, la ciudad de Huntington Park, conocida por ser el hogar de una mayor\u00eda de inmigrantes mexicanos, tambi\u00e9n cancel\u00f3 su celebraci\u00f3n del D\u00eda de la Independencia, prevista para el 3 de julio.<\/p>\n<p>Aunque esta ciudad no dio a conocer los motivos de la cancelaci\u00f3n, el alcalde de Huntington Park, Arturo Flores, ha condenado las redadas migratorias hechas por hombres enmascarados y sin identificar.<\/p>\n<p>El alcalde ha alertado a la comunidad por ciertas acciones que denomin\u00f3 \u201csecuestros enmascarados\u201d y ha ordenado a la polic\u00eda intervenir en operativos sospechosos, lo que llev\u00f3 al arresto de al menos un sospechoso que estaba haci\u00e9ndose pasar por agentes del Servicio de Control de Inmigraci\u00f3n y Aduanas (ICE, por siglas en ingl\u00e9s).<\/p>\n<p>\u201cHombres vestidos con equipo t\u00e1ctico, conduciendo veh\u00edculos sin identificaci\u00f3n, sin mostrar credenciales ni afiliaci\u00f3n a ninguna agencia, se han infiltrado en nuestros vecindarios, violando directamente los valores de nuestra comunidad, los derechos civiles y los principios b\u00e1sicos del debido proceso\u201d, indic\u00f3 en un comunicado.<\/p>\n<p>Las redadas masivas de ICE iniciaron el pasado 6 de junio y se espera que contin\u00faen al menos hasta la pr\u00f3xima semana.<\/p>\n<p>La preocupaci\u00f3n por los operativos federales se ha extendido a lugares como El Sereno, que este a\u00f1o cancel\u00f3 el desfile anual del D\u00eda de la Independencia y las celebraciones en Boyle Heights, uno de los barrios de Los \u00c1ngeles de mayor presencia hispana, tambi\u00e9n han cancelado las celebraciones debido a las redadas de inmigraci\u00f3n, seg\u00fan inform\u00f3 una portavoz de la concejal Ysabel Jurado citada por KTLA.<\/p>\n","protected":false},"excerpt":{"rendered":"<p>Varias ciudades del condado de Los \u00c1ngeles y sus alrededores han cancelado o pospuesto sus celebraciones del D\u00eda de la Independencia de EE.UU. que se celebra el pr\u00f3ximo viernes 4 de julio en el pa\u00eds debido a las redadas migratorias que entraron este lunes en su cuarta semana. Entre los eventos cancelados m\u00e1s destacados se [&hellip;]<\/p>\n","protected":false},"author":2,"featured_media":223210,"comment_status":"closed","ping_status":"closed","sticky":false,"template":"","format":"standard","meta":{"footnotes":""},"categories":[12870,182],"tags":[12865,12871],"class_list":["post-223209","post","type-post","status-publish","format-standard","has-post-thumbnail","hentry","category-destacadas","category-internacional","tag-destacadas","tag-internacional"],"jetpack_featured_media_url":"https:\/\/rnoticias.com.mx\/Portal\/wp-content\/uploads\/2025\/07\/01jul6.webp","amp_enabled":true,"_links":{"self":[{"href":"https:\/\/rnoticias.com.mx\/Portal\/wp-json\/wp\/v2\/posts\/223209","targetHints":{"allow":["GET"]}}],"collection":[{"href":"https:\/\/rnoticias.com.mx\/Portal\/wp-json\/wp\/v2\/posts"}],"about":[{"href":"https:\/\/rnoticias.com.mx\/Portal\/wp-json\/wp\/v2\/types\/post"}],"author":[{"embeddable":true,"href":"https:\/\/rnoticias.com.mx\/Portal\/wp-json\/wp\/v2\/users\/2"}],"replies":[{"embeddable":true,"href":"https:\/\/rnoticias.com.mx\/Portal\/wp-json\/wp\/v2\/comments?post=223209"}],"version-history":[{"count":1,"href":"https:\/\/rnoticias.com.mx\/Portal\/wp-json\/wp\/v2\/posts\/223209\/revisions"}],"predecessor-version":[{"id":223211,"href":"https:\/\/rnoticias.com.mx\/Portal\/wp-json\/wp\/v2\/posts\/223209\/revisions\/223211"}],"wp:featuredmedia":[{"embeddable":true,"href":"https:\/\/rnoticias.com.mx\/Portal\/wp-json\/wp\/v2\/media\/223210"}],"wp:attachment":[{"href":"https:\/\/rnoticias.com.mx\/Portal\/wp-json\/wp\/v2\/media?parent=223209"}],"wp:term":[{"taxonomy":"category","embeddable":true,"href":"https:\/\/rnoticias.com.mx\/Portal\/wp-json\/wp\/v2\/categories?post=223209"},{"taxonomy":"post_tag","embeddable":true,"href":"https:\/\/rnoticias.com.mx\/Portal\/wp-json\/wp\/v2\/tags?post=223209"}],"curies":[{"name":"wp","href":"https:\/\/api.w.org\/{rel}","templated":true}]}}