{"id":223206,"date":"2025-07-01T16:58:03","date_gmt":"2025-07-01T23:58:03","guid":{"rendered":"https:\/\/rnoticias.com.mx\/Portal\/?p=223206"},"modified":"2025-07-01T16:58:03","modified_gmt":"2025-07-01T23:58:03","slug":"juez-concede-suspension-de-proceso-contra-los-alegres-del-barranco","status":"publish","type":"post","link":"https:\/\/rnoticias.com.mx\/Portal\/2025\/07\/01\/juez-concede-suspension-de-proceso-contra-los-alegres-del-barranco\/","title":{"rendered":"Juez concede suspensi\u00f3n de proceso contra Los Alegres del Barranco"},"content":{"rendered":"<p>Un juez concedi\u00f3 la suspensi\u00f3n condicional del proceso contra Los Alegres del Barranco por apolog\u00eda del delito, con lo que la agrupaci\u00f3n musical deber\u00e1 cumplir con una serie de condiciones.<\/p>\n<div class=\"jeg_ad jeg_ad_article jnews_content_inline_ads  \"><\/div>\n<p>La decisi\u00f3n se tom\u00f3 en una audiencia que tom\u00f3 una media hora en la Sala 16 de los juzgados de control y juicio oral, distrito 1, del complejo penitenciario de Puente Grande.<\/p>\n<p>El juzgador determin\u00f3 que los miembros de la banda deber\u00e1n mantener residencia en el \u00c1rea Metropolitana de Guadalajara (AMG), y comparecer\u00e1n peri\u00f3dicamente ante la Unidad Estatal de Medidas Cautelares y el juzgado.<\/p>\n<p>Adem\u00e1s, Los Alegres del Barranco tendr\u00e1n que cumplir las siguientes condiciones en beneficio de los ciudadanos de Jalisco:<\/p>\n<p>La reproducci\u00f3n y difusi\u00f3n de una canci\u00f3n contra la apolog\u00eda del delito llamada \u2018El Consejo\u2019.<\/p>\n<p>Dar pl\u00e1ticas centros de reclusi\u00f3n para adolescentes en el AMG y en Ciudad Guzm\u00e1n para fomentar prevenci\u00f3n del delito entre los j\u00f3venes.<\/p>\n<p>Donar 50 mil pesos cada integrante para causa social.<\/p>\n<p>\u00bfQu\u00e9 hicieron Los Alegres del Barranco?<\/p>\n<p>A finales de marzo, Los Alegres del Barranco proyectaron im\u00e1genes de Nemesio Oseguera \u2018El Mencho\u2019, identificado como el l\u00edder del C\u00e1rtel Jalisco Nueva Generaci\u00f3n (CJNG), durante un concierto en Guadalajara, Jalisco.<\/p>\n<p>La proyecci\u00f3n de im\u00e1genes y la dedicatoria de la canci\u00f3n \u2018El del palenque\u2019 a Oseguera Cervantes llev\u00f3 a la Fiscal\u00eda de Jalisco a abrir una investigaci\u00f3n por apolog\u00eda del delito.<\/p>\n<p>Los videos del concierto se hicieron virales en redes sociales y provocaron indignaci\u00f3n entre usuarios debido a la reciente localizaci\u00f3n del Rancho Izaguirre, un presunto centro de reclutamiento del CJNG.<\/p>\n<p>A pesar de la pol\u00e9mica, el grupo reincidi\u00f3 en la proyecci\u00f3n de im\u00e1genes alusivas al crimen organizado.<\/p>\n","protected":false},"excerpt":{"rendered":"<p>Un juez concedi\u00f3 la suspensi\u00f3n condicional del proceso contra Los Alegres del Barranco por apolog\u00eda del delito, con lo que la agrupaci\u00f3n musical deber\u00e1 cumplir con una serie de condiciones. La decisi\u00f3n se tom\u00f3 en una audiencia que tom\u00f3 una media hora en la Sala 16 de los juzgados de control y juicio oral, distrito [&hellip;]<\/p>\n","protected":false},"author":2,"featured_media":223207,"comment_status":"closed","ping_status":"closed","sticky":false,"template":"","format":"standard","meta":{"footnotes":""},"categories":[12870,219],"tags":[12865,12875],"class_list":["post-223206","post","type-post","status-publish","format-standard","has-post-thumbnail","hentry","category-destacadas","category-espectaculos","tag-destacadas","tag-espectaculos"],"jetpack_featured_media_url":"https:\/\/rnoticias.com.mx\/Portal\/wp-content\/uploads\/2025\/07\/image-1.png","amp_enabled":true,"_links":{"self":[{"href":"https:\/\/rnoticias.com.mx\/Portal\/wp-json\/wp\/v2\/posts\/223206","targetHints":{"allow":["GET"]}}],"collection":[{"href":"https:\/\/rnoticias.com.mx\/Portal\/wp-json\/wp\/v2\/posts"}],"about":[{"href":"https:\/\/rnoticias.com.mx\/Portal\/wp-json\/wp\/v2\/types\/post"}],"author":[{"embeddable":true,"href":"https:\/\/rnoticias.com.mx\/Portal\/wp-json\/wp\/v2\/users\/2"}],"replies":[{"embeddable":true,"href":"https:\/\/rnoticias.com.mx\/Portal\/wp-json\/wp\/v2\/comments?post=223206"}],"version-history":[{"count":1,"href":"https:\/\/rnoticias.com.mx\/Portal\/wp-json\/wp\/v2\/posts\/223206\/revisions"}],"predecessor-version":[{"id":223208,"href":"https:\/\/rnoticias.com.mx\/Portal\/wp-json\/wp\/v2\/posts\/223206\/revisions\/223208"}],"wp:featuredmedia":[{"embeddable":true,"href":"https:\/\/rnoticias.com.mx\/Portal\/wp-json\/wp\/v2\/media\/223207"}],"wp:attachment":[{"href":"https:\/\/rnoticias.com.mx\/Portal\/wp-json\/wp\/v2\/media?parent=223206"}],"wp:term":[{"taxonomy":"category","embeddable":true,"href":"https:\/\/rnoticias.com.mx\/Portal\/wp-json\/wp\/v2\/categories?post=223206"},{"taxonomy":"post_tag","embeddable":true,"href":"https:\/\/rnoticias.com.mx\/Portal\/wp-json\/wp\/v2\/tags?post=223206"}],"curies":[{"name":"wp","href":"https:\/\/api.w.org\/{rel}","templated":true}]}}