{"id":223197,"date":"2025-07-01T16:08:06","date_gmt":"2025-07-01T23:08:06","guid":{"rendered":"https:\/\/rnoticias.com.mx\/Portal\/?p=223197"},"modified":"2025-07-01T16:08:06","modified_gmt":"2025-07-01T23:08:06","slug":"binomios-caninos-del-gobierno-de-sonora-aseguran-arma-de-fuego-y-detienen-a-persona-por-violencia-familiar","status":"publish","type":"post","link":"https:\/\/rnoticias.com.mx\/Portal\/2025\/07\/01\/binomios-caninos-del-gobierno-de-sonora-aseguran-arma-de-fuego-y-detienen-a-persona-por-violencia-familiar\/","title":{"rendered":"Binomios caninos del Gobierno de Sonora aseguran arma de fuego y detienen a persona por violencia familiar"},"content":{"rendered":"<table class=\"m_7432552306623595363text\" border=\"0\" width=\"100%\" cellspacing=\"0\" cellpadding=\"0\">\n<tbody>\n<tr>\n<td class=\"m_7432552306623595363text_content-cell m_7432552306623595363content-padding-horizontal\" align=\"center\" valign=\"top\">\n<p align=\"left\">Hermosillo, Sonora; 1 de julio de 2025.- En atenci\u00f3n a reportes ciudadanos y con la intervenci\u00f3n de grupos especializados de la Secretar\u00eda de Seguridad P\u00fablica (SSP) del Gobierno de Sonora, se logr\u00f3 la detenci\u00f3n de una persona se\u00f1alada por violencia familiar, as\u00ed como el aseguramiento de un arma de fuego.<\/p>\n<p align=\"left\">\n<p align=\"left\">La unidad K-9 de la Polic\u00eda Estatal de Seguridad P\u00fablica (PESP) intervino en la colonia Puerta del Rey, donde realiz\u00f3 la detenci\u00f3n de Francisco \u201cN\u201d, de 43 a\u00f1os de edad, se\u00f1alado por violencia familiar y amenazas con arma de fuego.<\/p>\n<p align=\"left\">\n<p align=\"left\">Gracias a la intervenci\u00f3n del ejemplar canino Meno, fue localizada una pistola calibre 9 mm. En el lugar, la persona detenida fue identificada como quien presuntamente amenaz\u00f3 a su pareja con dicha arma.<\/p>\n<p align=\"left\">\n<p align=\"left\">Debido a estos hechos, oficiales de la Polic\u00eda Estatal informaron al detenido sobre sus derechos y lo pusieron a disposici\u00f3n del Ministerio P\u00fablico para los tr\u00e1mites legales correspondientes.<\/p>\n<p align=\"left\">\n<p align=\"left\">Nota: Se informa que la persona detenida se presume inocente y ser\u00e1 tratada como tal en todas las etapas del procedimiento, mientras no se declare su responsabilidad mediante sentencia emitida por el \u00f3rgano jurisdiccional correspondiente, conforme al art\u00edculo 13 del C\u00f3digo Nacional de Procedimientos Penales.<\/p>\n<\/td>\n<\/tr>\n<\/tbody>\n<\/table>\n<table class=\"m_7432552306623595363image m_7432552306623595363image--mobile-scale m_7432552306623595363image--mobile-center\" border=\"0\" width=\"100%\" cellspacing=\"0\" cellpadding=\"0\">\n<tbody>\n<tr>\n<td class=\"m_7432552306623595363image_container m_7432552306623595363content-padding-horizontal\" align=\"center\" valign=\"top\"><\/td>\n<\/tr>\n<\/tbody>\n<\/table>\n","protected":false},"excerpt":{"rendered":"<p>Hermosillo, Sonora; 1 de julio de 2025.- En atenci\u00f3n a reportes ciudadanos y con la intervenci\u00f3n de grupos especializados de la Secretar\u00eda de Seguridad P\u00fablica (SSP) del Gobierno de Sonora, se logr\u00f3 la detenci\u00f3n de una persona se\u00f1alada por violencia familiar, as\u00ed como el aseguramiento de un arma de fuego. La unidad K-9 de la [&hellip;]<\/p>\n","protected":false},"author":2,"featured_media":223198,"comment_status":"closed","ping_status":"closed","sticky":false,"template":"","format":"standard","meta":{"footnotes":""},"categories":[12870,178],"tags":[12865,12869],"class_list":["post-223197","post","type-post","status-publish","format-standard","has-post-thumbnail","hentry","category-destacadas","category-local","tag-destacadas","tag-local"],"jetpack_featured_media_url":"https:\/\/rnoticias.com.mx\/Portal\/wp-content\/uploads\/2025\/07\/unnamed-2.jpg","amp_enabled":true,"_links":{"self":[{"href":"https:\/\/rnoticias.com.mx\/Portal\/wp-json\/wp\/v2\/posts\/223197","targetHints":{"allow":["GET"]}}],"collection":[{"href":"https:\/\/rnoticias.com.mx\/Portal\/wp-json\/wp\/v2\/posts"}],"about":[{"href":"https:\/\/rnoticias.com.mx\/Portal\/wp-json\/wp\/v2\/types\/post"}],"author":[{"embeddable":true,"href":"https:\/\/rnoticias.com.mx\/Portal\/wp-json\/wp\/v2\/users\/2"}],"replies":[{"embeddable":true,"href":"https:\/\/rnoticias.com.mx\/Portal\/wp-json\/wp\/v2\/comments?post=223197"}],"version-history":[{"count":1,"href":"https:\/\/rnoticias.com.mx\/Portal\/wp-json\/wp\/v2\/posts\/223197\/revisions"}],"predecessor-version":[{"id":223199,"href":"https:\/\/rnoticias.com.mx\/Portal\/wp-json\/wp\/v2\/posts\/223197\/revisions\/223199"}],"wp:featuredmedia":[{"embeddable":true,"href":"https:\/\/rnoticias.com.mx\/Portal\/wp-json\/wp\/v2\/media\/223198"}],"wp:attachment":[{"href":"https:\/\/rnoticias.com.mx\/Portal\/wp-json\/wp\/v2\/media?parent=223197"}],"wp:term":[{"taxonomy":"category","embeddable":true,"href":"https:\/\/rnoticias.com.mx\/Portal\/wp-json\/wp\/v2\/categories?post=223197"},{"taxonomy":"post_tag","embeddable":true,"href":"https:\/\/rnoticias.com.mx\/Portal\/wp-json\/wp\/v2\/tags?post=223197"}],"curies":[{"name":"wp","href":"https:\/\/api.w.org\/{rel}","templated":true}]}}