{"id":223188,"date":"2025-07-01T13:45:59","date_gmt":"2025-07-01T20:45:59","guid":{"rendered":"https:\/\/rnoticias.com.mx\/Portal\/?p=223188"},"modified":"2025-07-01T13:45:59","modified_gmt":"2025-07-01T20:45:59","slug":"gobernador-durazo-lleva-servicios-gratuitos-de-la-feria-sonora-atiende-a-la-colonia-internacional","status":"publish","type":"post","link":"https:\/\/rnoticias.com.mx\/Portal\/2025\/07\/01\/gobernador-durazo-lleva-servicios-gratuitos-de-la-feria-sonora-atiende-a-la-colonia-internacional\/","title":{"rendered":"Gobernador Durazo lleva servicios gratuitos de la feria \u201cSonora Atiende\u201d a la colonia Internacional"},"content":{"rendered":"<p align=\"justify\">Hermosillo, Sonora; 1 de julio de 2025.- El programa \u201cSonora Atiende\u201d, impulsado por el gobernador Alfonso Durazo Monta\u00f1o, benefici\u00f3 a cientos de familias de la colonia Internacional con servicios y tr\u00e1mites gratuitos que funcionarios facilitaron en su sector sin la necesidad de acudir a las oficinas gubernamentales.<\/p>\n<p align=\"justify\">Fue en el Centro H\u00e1bitat de la colonia donde se realiz\u00f3 esta feria con la instalaci\u00f3n de m\u00f3dulos de atenci\u00f3n de m\u00e1s de 30 dependencias estatales y federales, donde vecinas y vecinos fueron atendidos y escuchados por las y los servidores p\u00fablicos.<\/p>\n<p align=\"justify\">Durante toda la jornada se ofrecieron servicios como consultas m\u00e9dicas, tr\u00e1mites oficiales, asesor\u00eda legal, informaci\u00f3n sobre becas y apoyos para mujeres, j\u00f3venes y personas adultas mayores. Todo fue completamente gratuito y accesible para quienes se acercaron.<\/p>\n<p align=\"justify\">Las y los asistentes destacaron la amabilidad de quienes los atendieron y la facilidad para resolver tr\u00e1mites que, en otros contextos, les tomar\u00edan tiempo y recursos. La jornada permiti\u00f3 que muchas familias avanzaran en pendientes importantes, sin tener que ausentarse del trabajo ni gastar en transporte.<\/p>\n<p align=\"justify\">&#8220;Vine para ver cuales eran los servicios que podr\u00edan brindar y pues, aprovech\u00e9 lo de los lentes y voy a ir a ver lo de las actas de nacimiento. Me parece muy bien y esperemos que lo hagan m\u00e1s seguido, que venga m\u00e1s gente aqu\u00ed a las colonias para que vean cual es la problem\u00e1tica&#8221;, expres\u00f3 Rosa P\u00e1ramo.<\/p>\n<p align=\"justify\">&#8220;Venimos a tramitar lo de la vacuna del ni\u00f1o, ver si alcanzamos una despensa y las actas de matrimonio. Me parece muy bueno porque es algo que nos est\u00e1 ayudando a nosotros. Lo felicitamos mucho, estamos muy contentos por lo que est\u00e1 haciendo y que nos siga apoyando igual&#8221;, destac\u00f3 Benjam\u00edn D\u00edaz.<\/p>\n<p align=\"justify\">&#8220;En el papel dec\u00eda que ayuda para la vivienda y a m\u00ed me hace falta porque yo no tengo cocina, nada m\u00e1s tengo una lona y dije: si es cierto, yo voy. Que nos ayuden lo m\u00e1s que puedan porque s\u00ed hay mucha necesidad&#8221;, coment\u00f3 Graciana Ortiz.<\/p>\n<p align=\"justify\">La feria de los servicios cont\u00f3 con la participaci\u00f3n activa de servidoras y servidores p\u00fablicos del Gobierno de Sonora, quienes atendieron personalmente a las y los asistentes, escuchando sus necesidades y coordinando los apoyos en territorio.<\/p>\n","protected":false},"excerpt":{"rendered":"<p>Hermosillo, Sonora; 1 de julio de 2025.- El programa \u201cSonora Atiende\u201d, impulsado por el gobernador Alfonso Durazo Monta\u00f1o, benefici\u00f3 a cientos de familias de la colonia Internacional con servicios y tr\u00e1mites gratuitos que funcionarios facilitaron en su sector sin la necesidad de acudir a las oficinas gubernamentales. Fue en el Centro H\u00e1bitat de la colonia [&hellip;]<\/p>\n","protected":false},"author":2,"featured_media":223189,"comment_status":"closed","ping_status":"closed","sticky":false,"template":"","format":"standard","meta":{"footnotes":""},"categories":[12870,178],"tags":[12865,12869],"class_list":["post-223188","post","type-post","status-publish","format-standard","has-post-thumbnail","hentry","category-destacadas","category-local","tag-destacadas","tag-local"],"jetpack_featured_media_url":"https:\/\/rnoticias.com.mx\/Portal\/wp-content\/uploads\/2025\/07\/unnamewd-19.jpg","amp_enabled":true,"_links":{"self":[{"href":"https:\/\/rnoticias.com.mx\/Portal\/wp-json\/wp\/v2\/posts\/223188","targetHints":{"allow":["GET"]}}],"collection":[{"href":"https:\/\/rnoticias.com.mx\/Portal\/wp-json\/wp\/v2\/posts"}],"about":[{"href":"https:\/\/rnoticias.com.mx\/Portal\/wp-json\/wp\/v2\/types\/post"}],"author":[{"embeddable":true,"href":"https:\/\/rnoticias.com.mx\/Portal\/wp-json\/wp\/v2\/users\/2"}],"replies":[{"embeddable":true,"href":"https:\/\/rnoticias.com.mx\/Portal\/wp-json\/wp\/v2\/comments?post=223188"}],"version-history":[{"count":1,"href":"https:\/\/rnoticias.com.mx\/Portal\/wp-json\/wp\/v2\/posts\/223188\/revisions"}],"predecessor-version":[{"id":223190,"href":"https:\/\/rnoticias.com.mx\/Portal\/wp-json\/wp\/v2\/posts\/223188\/revisions\/223190"}],"wp:featuredmedia":[{"embeddable":true,"href":"https:\/\/rnoticias.com.mx\/Portal\/wp-json\/wp\/v2\/media\/223189"}],"wp:attachment":[{"href":"https:\/\/rnoticias.com.mx\/Portal\/wp-json\/wp\/v2\/media?parent=223188"}],"wp:term":[{"taxonomy":"category","embeddable":true,"href":"https:\/\/rnoticias.com.mx\/Portal\/wp-json\/wp\/v2\/categories?post=223188"},{"taxonomy":"post_tag","embeddable":true,"href":"https:\/\/rnoticias.com.mx\/Portal\/wp-json\/wp\/v2\/tags?post=223188"}],"curies":[{"name":"wp","href":"https:\/\/api.w.org\/{rel}","templated":true}]}}