{"id":223173,"date":"2025-07-01T09:08:21","date_gmt":"2025-07-01T16:08:21","guid":{"rendered":"https:\/\/rnoticias.com.mx\/Portal\/?p=223173"},"modified":"2025-07-01T09:08:21","modified_gmt":"2025-07-01T16:08:21","slug":"exintegrante-de-garibaldi-sale-en-defensa-de-luis-de-llano","status":"publish","type":"post","link":"https:\/\/rnoticias.com.mx\/Portal\/2025\/07\/01\/exintegrante-de-garibaldi-sale-en-defensa-de-luis-de-llano\/","title":{"rendered":"Exintegrante de Garibaldi, sale en defensa de Luis de Llano"},"content":{"rendered":"<p>A pocos d\u00edas de que se ratificara la sentencia por da\u00f1o moral en contra de Luis de Llano, Katia Llanos,\u00a0<strong>exintegrante del grupo Garibaldi,<\/strong>\u00a0sali\u00f3 en defensa del productor.<\/p>\n<p>A trav\u00e9s de un extenso mensaje que public\u00f3 en sus redes sociales, la cantante record\u00f3 los a\u00f1os que trabaj\u00f3 bajo\u00a0<strong>la direcci\u00f3n de De Llano\u00a0<\/strong>y asegur\u00f3 que nunca presenci\u00f3 ning\u00fan comportamiento indebido por parte del productor.<\/p>\n<p>Recordemos que De Llano fue acusado p\u00fablicamente por Sasha Sokol de abuso sexual, y es que, \u00e9l mismo reconoci\u00f3 haberse involucrado con la artista cuando \u00e9l\u00a0<strong>ten\u00eda 39 y ella apenas 14 a\u00f1os.<\/strong><\/p>\n<div id=\"eldia-2892180207\" class=\"eldia-contenido eldia-target\" data-eldia-trackid=\"1573641\" data-eldia-trackbid=\"1\"><\/div>\n<div id=\"eldia-213970141\" class=\"eldia-contenido-2 eldia-target\" data-eldia-trackid=\"1765657\" data-eldia-trackbid=\"1\"><\/div>\n<p><strong><em>\u201cHoy tengo en mis manos las riendas de mi vida\u201d,<\/em><\/strong>\u00a0dice<\/p>\n<p>Llanos calific\u00f3 a Luis como un<strong><em>\u00a0\u201chombre \u00edntegro y digno de admiraci\u00f3n\u201d<\/em><\/strong>, adem\u00e1s de que marc\u00f3 para bien su camino tanto personal como profesionalmente.<\/p>\n<p>\u201cLuis fue mi productor cuando form\u00e9 parte de Garibaldi en los a\u00f1os 90 y, desde que lo conoc\u00ed, me recibi\u00f3 con afecto, respeto y calidez. A lo largo de todos estos a\u00f1os, nunca vi en \u00e9l otra cosa m\u00e1s que a un hombre \u00edntegro, generoso y comprometido con su trabajo, con su familia y con la carrera de muchos artistas\u201d, escribi\u00f3.<\/p>\n<div class=\"stream-item stream-item-in-post stream-item-inline-post aligncenter\">\n<div class=\"stream-item-size\"><\/div>\n<\/div>\n<p>Sin hablar directamente de las acusaciones de Sokol, la exGaribaldi explic\u00f3 que su historia no pretende minimizar el dolor de otros, tampoco juzgar a nadie; solamente quiere contar lo que llam\u00f3 \u201csu verdad\u201d:<\/p>\n<p><strong><em>\u201cNo me corresponde juzgar ni se\u00f1alar, pero s\u00ed puedo hablar desde mi verdad, desde lo que vi y viv\u00ed. Y lo que viv\u00ed fue el privilegio de haber trabajado con un hombre que jam\u00e1s estuvo involucrado en esc\u00e1ndalos, y cuya reputaci\u00f3n fue siempre la de un profesional honorable y una figura de respeto\u201d,<\/em><\/strong>\u00a0agreg\u00f3.<\/p>\n<p>Asimismo, critic\u00f3 a quienes tambi\u00e9n convivieron con el productor, pero han decidido no hablar ante el esc\u00e1ndalo que lo envuelve.<\/p>\n<p><strong><em>\u201cHoy, cuando su nombre ha sido expuesto al juicio p\u00fablico, me duele ver el silencio de muchos que fueron testigos de su entrega. Yo no me quedar\u00e9 callada. No minimizo el dolor de nadie, pero s\u00ed defiendo lo que personalmente he conocido y atesoro\u201d.<\/em><\/strong><\/p>\n<p>Las palabras de Katia provocaron un debate entre los usuarios, y es que, mientras unos apoyaron su mensaje, otros le recriminaron por normalizar el abuso de un adulto hacia una menor de edad:<\/p>\n<p><strong>\u201cPienso exactamente lo mismo de mi querido Luis de Llano\u201d, \u201cTe aplaudo porque levantaste la voz, la cual merece ser escuchada\u201d, \u201cTu vivencia no borra la experiencia de la v\u00edctima\u201d, \u201cDefenderlo por tu experiencia personal es revictimizante\u201d, \u201cPuede ser todo lo que dices, pero cometi\u00f3 un delito\u201d,\u00a0<\/strong>son s\u00f3lo algunos de los comentarios que se pueden leer.<\/p>\n<p>Hasta ahora, Luis de Llano no ha hecho declaraciones respecto al fallo de la corte, el cual lo obliga a disculparse p\u00fablicamente con Sasha, Pagar una indemnizaci\u00f3n, asistir a cursos de prevenci\u00f3n de violencia sexual, as\u00ed como eliminar la entrevista que concedi\u00f3 a Yordi Rosado y en la que habl\u00f3 sobre su v\u00ednculo con Sokol.<\/p>\n<p>&nbsp;<\/p>\n<p>El Universal<\/p>\n","protected":false},"excerpt":{"rendered":"<p>A pocos d\u00edas de que se ratificara la sentencia por da\u00f1o moral en contra de Luis de Llano, Katia Llanos,\u00a0exintegrante del grupo Garibaldi,\u00a0sali\u00f3 en defensa del productor. A trav\u00e9s de un extenso mensaje que public\u00f3 en sus redes sociales, la cantante record\u00f3 los a\u00f1os que trabaj\u00f3 bajo\u00a0la direcci\u00f3n de De Llano\u00a0y asegur\u00f3 que nunca presenci\u00f3 [&hellip;]<\/p>\n","protected":false},"author":2,"featured_media":223174,"comment_status":"closed","ping_status":"closed","sticky":false,"template":"","format":"standard","meta":{"footnotes":""},"categories":[12870,219],"tags":[12865,12875],"class_list":["post-223173","post","type-post","status-publish","format-standard","has-post-thumbnail","hentry","category-destacadas","category-espectaculos","tag-destacadas","tag-espectaculos"],"jetpack_featured_media_url":"https:\/\/rnoticias.com.mx\/Portal\/wp-content\/uploads\/2025\/07\/9137a06ccf60917ad0ac911e7f54f690_XL.jpg","amp_enabled":true,"_links":{"self":[{"href":"https:\/\/rnoticias.com.mx\/Portal\/wp-json\/wp\/v2\/posts\/223173","targetHints":{"allow":["GET"]}}],"collection":[{"href":"https:\/\/rnoticias.com.mx\/Portal\/wp-json\/wp\/v2\/posts"}],"about":[{"href":"https:\/\/rnoticias.com.mx\/Portal\/wp-json\/wp\/v2\/types\/post"}],"author":[{"embeddable":true,"href":"https:\/\/rnoticias.com.mx\/Portal\/wp-json\/wp\/v2\/users\/2"}],"replies":[{"embeddable":true,"href":"https:\/\/rnoticias.com.mx\/Portal\/wp-json\/wp\/v2\/comments?post=223173"}],"version-history":[{"count":1,"href":"https:\/\/rnoticias.com.mx\/Portal\/wp-json\/wp\/v2\/posts\/223173\/revisions"}],"predecessor-version":[{"id":223175,"href":"https:\/\/rnoticias.com.mx\/Portal\/wp-json\/wp\/v2\/posts\/223173\/revisions\/223175"}],"wp:featuredmedia":[{"embeddable":true,"href":"https:\/\/rnoticias.com.mx\/Portal\/wp-json\/wp\/v2\/media\/223174"}],"wp:attachment":[{"href":"https:\/\/rnoticias.com.mx\/Portal\/wp-json\/wp\/v2\/media?parent=223173"}],"wp:term":[{"taxonomy":"category","embeddable":true,"href":"https:\/\/rnoticias.com.mx\/Portal\/wp-json\/wp\/v2\/categories?post=223173"},{"taxonomy":"post_tag","embeddable":true,"href":"https:\/\/rnoticias.com.mx\/Portal\/wp-json\/wp\/v2\/tags?post=223173"}],"curies":[{"name":"wp","href":"https:\/\/api.w.org\/{rel}","templated":true}]}}