{"id":223170,"date":"2025-07-01T09:07:03","date_gmt":"2025-07-01T16:07:03","guid":{"rendered":"https:\/\/rnoticias.com.mx\/Portal\/?p=223170"},"modified":"2025-07-01T09:07:03","modified_gmt":"2025-07-01T16:07:03","slug":"mantiene-ayuntamiento-de-hermosillo-operativo-de-ayuda-a-personas-vulnerables-ante-altas-temperaturas","status":"publish","type":"post","link":"https:\/\/rnoticias.com.mx\/Portal\/2025\/07\/01\/mantiene-ayuntamiento-de-hermosillo-operativo-de-ayuda-a-personas-vulnerables-ante-altas-temperaturas\/","title":{"rendered":"Mantiene Ayuntamiento de Hermosillo operativo de ayuda a personas vulnerables ante altas temperaturas"},"content":{"rendered":"<p><b data-olk-copy-source=\"MessageBody\">Hermosillo, Sonora; 30 de junio, 2025.<\/b>&#8211; El Ayuntamiento de Hermosillo, a trav\u00e9s de la Coordinaci\u00f3n Municipal de Protecci\u00f3n Civil (CMPC); la Direcci\u00f3n de Salud y Seguridad P\u00fablica, trabajan de manera permanente para auxiliar a personas que tienen actividad en v\u00eda p\u00fablica y quienes se encuentran en situaci\u00f3n de calle, ante el registro de temperaturas extremas.<\/p>\n<p>Fernando Morales Flores, titular de la CMPC, coment\u00f3 que de manera conjunta realizan recorridos por las principales vialidades y parques de la ciudad para atender a personas que se encuentren en condici\u00f3n vulnerable, con riesgo a la salud.<\/p>\n<p>Dijo que el pron\u00f3stico para este lunes por la Comisi\u00f3n Nacional del Agua es que se llegar\u00e1 una temperatura de 45\u00b0C con una sensaci\u00f3n t\u00e9rmica de 47\u00b0C, por lo que se \u00a0recomienda evitar salir de las 12 de mediod\u00eda a las 4 de la tarde, tratar de salir hidratados, utilizar sombrilla y bloqueador solar.<\/p>\n<p>\u201cEn caso de que alguna persona sienta alg\u00fan malestar por golpe de calor, se recomienda ponerse a la sombra y llamara al 911 para que pueda ser auxiliado\u201d, manifest\u00f3 Morales Flores.<\/p>\n<p>En los recorridos se otorgan sueros, agua y se toman los signos vitales, y a las personas que ocupan traslado a un refugio se les lleva al Centros H\u00e1bitat Caf\u00e9 Combate.<\/p>\n<p>Para las personas que trabajan a la intemperie, la sugerencia es que puedan entrar a trabajar a las 6 de la ma\u00f1ana y est\u00e9n fuera de sus actividades a la 1 de la tarde, se les piden que est\u00e1n bien hidratos y tengan las medidas de seguridad.<\/p>\n<p>La tarde de este lunes 30 de junio y los pr\u00f3ximos d\u00edas que sea necesario se continuar\u00e1 con el operativo para prevenir que corra riesgo la salud y la vida de las y los hermosillenses.<\/p>\n<p>Medidas preventivas:<\/p>\n<p>&#8211; Utilizar vestimenta clara<br \/>\n&#8211; Utilizar protector solar<br \/>\n&#8211; Usar sombrero o sombrilla<br \/>\n&#8211; Mantenerse hidratado<br \/>\n&#8211; No exponerse al sol de manera prolongada, en especial de 11 de la ma\u00f1ana a 4 de la tarde<br \/>\n&#8211; Mantenerse en lugares frescos<br \/>\n&#8211; Evitar la ingesta de bebidas alcoh\u00f3licas y con cafe\u00edna<br \/>\n&#8211; Evite permanecer dentro de un veh\u00edculo caliente<\/p>\n","protected":false},"excerpt":{"rendered":"<p>Hermosillo, Sonora; 30 de junio, 2025.&#8211; El Ayuntamiento de Hermosillo, a trav\u00e9s de la Coordinaci\u00f3n Municipal de Protecci\u00f3n Civil (CMPC); la Direcci\u00f3n de Salud y Seguridad P\u00fablica, trabajan de manera permanente para auxiliar a personas que tienen actividad en v\u00eda p\u00fablica y quienes se encuentran en situaci\u00f3n de calle, ante el registro de temperaturas extremas. [&hellip;]<\/p>\n","protected":false},"author":2,"featured_media":223171,"comment_status":"closed","ping_status":"closed","sticky":false,"template":"","format":"standard","meta":{"footnotes":""},"categories":[12870,178],"tags":[12865,12869],"class_list":["post-223170","post","type-post","status-publish","format-standard","has-post-thumbnail","hentry","category-destacadas","category-local","tag-destacadas","tag-local"],"jetpack_featured_media_url":"https:\/\/rnoticias.com.mx\/Portal\/wp-content\/uploads\/2025\/07\/929q.jpeg","amp_enabled":true,"_links":{"self":[{"href":"https:\/\/rnoticias.com.mx\/Portal\/wp-json\/wp\/v2\/posts\/223170","targetHints":{"allow":["GET"]}}],"collection":[{"href":"https:\/\/rnoticias.com.mx\/Portal\/wp-json\/wp\/v2\/posts"}],"about":[{"href":"https:\/\/rnoticias.com.mx\/Portal\/wp-json\/wp\/v2\/types\/post"}],"author":[{"embeddable":true,"href":"https:\/\/rnoticias.com.mx\/Portal\/wp-json\/wp\/v2\/users\/2"}],"replies":[{"embeddable":true,"href":"https:\/\/rnoticias.com.mx\/Portal\/wp-json\/wp\/v2\/comments?post=223170"}],"version-history":[{"count":1,"href":"https:\/\/rnoticias.com.mx\/Portal\/wp-json\/wp\/v2\/posts\/223170\/revisions"}],"predecessor-version":[{"id":223172,"href":"https:\/\/rnoticias.com.mx\/Portal\/wp-json\/wp\/v2\/posts\/223170\/revisions\/223172"}],"wp:featuredmedia":[{"embeddable":true,"href":"https:\/\/rnoticias.com.mx\/Portal\/wp-json\/wp\/v2\/media\/223171"}],"wp:attachment":[{"href":"https:\/\/rnoticias.com.mx\/Portal\/wp-json\/wp\/v2\/media?parent=223170"}],"wp:term":[{"taxonomy":"category","embeddable":true,"href":"https:\/\/rnoticias.com.mx\/Portal\/wp-json\/wp\/v2\/categories?post=223170"},{"taxonomy":"post_tag","embeddable":true,"href":"https:\/\/rnoticias.com.mx\/Portal\/wp-json\/wp\/v2\/tags?post=223170"}],"curies":[{"name":"wp","href":"https:\/\/api.w.org\/{rel}","templated":true}]}}