{"id":223167,"date":"2025-07-01T09:02:04","date_gmt":"2025-07-01T16:02:04","guid":{"rendered":"https:\/\/rnoticias.com.mx\/Portal\/?p=223167"},"modified":"2025-07-01T09:02:04","modified_gmt":"2025-07-01T16:02:04","slug":"verstappen-se-nego-a-grabar-una-escena-con-brad-pitt","status":"publish","type":"post","link":"https:\/\/rnoticias.com.mx\/Portal\/2025\/07\/01\/verstappen-se-nego-a-grabar-una-escena-con-brad-pitt\/","title":{"rendered":"Verstappen se neg\u00f3 a grabar una escena con Brad Pitt"},"content":{"rendered":"<p>Este verano se estren\u00f3 la cinta de F\u00f3rmula 1, la cual es protagonizada por Brad Pitt y se ha llevado cr\u00edticas positivas en sus primeros d\u00edas en la pantalla grande, pero tambi\u00e9n se ha hablado mucho de ella por la ausencia de<strong>\u00a0Max Verstappen dentro de la cinta.<\/strong><\/p>\n<p>La pel\u00edcula protagonizada por el actor estadounidense est\u00e1 dirigida Joseph Kosinski y producida por el siete veces campe\u00f3n del mundo, Lewis Hamilton. En la cinta, se incluyeron escenas en los propios Grandes Premios de la temporada pasada de F2 modificados para darle mayor realismo.<\/p>\n<p>Un gran n\u00famero de secuencias contaron con la participaci\u00f3n de algunos pilotos de la parrilla, como lo fue<strong>: Charles Leclerc, Lando Norris, Yuki Tsunoda y otros tantos.<\/strong>\u00a0A pesar de ver a sus colegas en acci\u00f3n, el neerland\u00e9s decidi\u00f3 no ser parte de las grabaciones.<\/p>\n<div id=\"eldia-2810223518\" class=\"eldia-contenido eldia-target\" data-eldia-trackid=\"1573641\" data-eldia-trackbid=\"1\"><\/div>\n<div id=\"eldia-4153198207\" class=\"eldia-contenido-2 eldia-target\" data-eldia-trackid=\"1765657\" data-eldia-trackbid=\"1\"><\/div>\n<p>Max Verstappen no solamente se ausent\u00f3 de salir en la pel\u00edcula, sino que tambi\u00e9n decidi\u00f3 pasar de largo de la premier que se realiz\u00f3 en Nueva York, as\u00ed como de la proyecci\u00f3n especial que hubo para pilotos en M\u00f3naco.<\/p>\n<p>De acuerdo con el diario ingl\u00e9s The Telegraph, el ex compa\u00f1ero de Checo P\u00e9rez habr\u00eda rechazado filmar una escena con el propio Brad Pitt,<strong>\u00a0la cual ser\u00eda incluida en la cinta reci\u00e9n estrenada. Este mismo medio detalla que la secuencia era en una discoteca, donde fueron incluidos otros pilotos.<\/strong><\/p>\n<h2 class=\"wp-block-heading\">\u00bfPor qu\u00e9 Max Verstappen no quiso salir en la pel\u00edcula?<\/h2>\n<p>En una entrevista con Planet F1, el piloto de Red Bull confirm\u00f3 que su ausencia se debi\u00f3 a que \u00e9l no buscaba invertir su tiempo en la cinta, por lo que tampoco quiso estar en las dos proyecciones de la pel\u00edcula.<\/p>\n<div class=\"stream-item stream-item-in-post stream-item-inline-post aligncenter\">\n<div class=\"stream-item-size\"><\/div>\n<\/div>\n<p><strong><em>\u201cQuise pasar m\u00e1s tiempo en privado, porque al final del d\u00eda tambi\u00e9n es tiempo personal, incluso la noche. Creo que se estrena el 27 de junio, as\u00ed que la voy a descargar en Apple\u201d.<\/em><\/strong><\/p>\n<p>&nbsp;<\/p>\n<p>&nbsp;<\/p>\n<p>El Universal<\/p>\n","protected":false},"excerpt":{"rendered":"<p>Este verano se estren\u00f3 la cinta de F\u00f3rmula 1, la cual es protagonizada por Brad Pitt y se ha llevado cr\u00edticas positivas en sus primeros d\u00edas en la pantalla grande, pero tambi\u00e9n se ha hablado mucho de ella por la ausencia de\u00a0Max Verstappen dentro de la cinta. La pel\u00edcula protagonizada por el actor estadounidense est\u00e1 [&hellip;]<\/p>\n","protected":false},"author":2,"featured_media":223168,"comment_status":"closed","ping_status":"closed","sticky":false,"template":"","format":"standard","meta":{"footnotes":""},"categories":[188,12870],"tags":[5231,12865],"class_list":["post-223167","post","type-post","status-publish","format-standard","has-post-thumbnail","hentry","category-deportes","category-destacadas","tag-deportes","tag-destacadas"],"jetpack_featured_media_url":"https:\/\/rnoticias.com.mx\/Portal\/wp-content\/uploads\/2025\/07\/AA1HBTwO.webp","amp_enabled":true,"_links":{"self":[{"href":"https:\/\/rnoticias.com.mx\/Portal\/wp-json\/wp\/v2\/posts\/223167","targetHints":{"allow":["GET"]}}],"collection":[{"href":"https:\/\/rnoticias.com.mx\/Portal\/wp-json\/wp\/v2\/posts"}],"about":[{"href":"https:\/\/rnoticias.com.mx\/Portal\/wp-json\/wp\/v2\/types\/post"}],"author":[{"embeddable":true,"href":"https:\/\/rnoticias.com.mx\/Portal\/wp-json\/wp\/v2\/users\/2"}],"replies":[{"embeddable":true,"href":"https:\/\/rnoticias.com.mx\/Portal\/wp-json\/wp\/v2\/comments?post=223167"}],"version-history":[{"count":1,"href":"https:\/\/rnoticias.com.mx\/Portal\/wp-json\/wp\/v2\/posts\/223167\/revisions"}],"predecessor-version":[{"id":223169,"href":"https:\/\/rnoticias.com.mx\/Portal\/wp-json\/wp\/v2\/posts\/223167\/revisions\/223169"}],"wp:featuredmedia":[{"embeddable":true,"href":"https:\/\/rnoticias.com.mx\/Portal\/wp-json\/wp\/v2\/media\/223168"}],"wp:attachment":[{"href":"https:\/\/rnoticias.com.mx\/Portal\/wp-json\/wp\/v2\/media?parent=223167"}],"wp:term":[{"taxonomy":"category","embeddable":true,"href":"https:\/\/rnoticias.com.mx\/Portal\/wp-json\/wp\/v2\/categories?post=223167"},{"taxonomy":"post_tag","embeddable":true,"href":"https:\/\/rnoticias.com.mx\/Portal\/wp-json\/wp\/v2\/tags?post=223167"}],"curies":[{"name":"wp","href":"https:\/\/api.w.org\/{rel}","templated":true}]}}