{"id":223130,"date":"2025-06-30T15:04:08","date_gmt":"2025-06-30T22:04:08","guid":{"rendered":"https:\/\/rnoticias.com.mx\/Portal\/?p=223130"},"modified":"2025-06-30T15:04:08","modified_gmt":"2025-06-30T22:04:08","slug":"vinculados-a-proceso-a-dos-sujetos-por-tentativa-de-homicidio-contra-agentes-de-la-amic-en-san-luis-rio-colorado","status":"publish","type":"post","link":"https:\/\/rnoticias.com.mx\/Portal\/2025\/06\/30\/vinculados-a-proceso-a-dos-sujetos-por-tentativa-de-homicidio-contra-agentes-de-la-amic-en-san-luis-rio-colorado\/","title":{"rendered":"Vinculados a proceso a dos sujetos por tentativa de homicidio contra agentes de la AMIC en San Luis R\u00edo Colorado"},"content":{"rendered":"<p>San Luis R\u00edo Colorado, Sonora, 30 de junio de 2025.- Por su probable responsabilidad en el delito de tentativa de homicidio calificado en n\u00famero de dos, as\u00ed como delitos cometidos contra servidores p\u00fablicos, ambos en agravio de elementos de la AMIC, la Fiscal\u00eda General de Justicia del Estado de Sonora (FGJES) obtuvo auto de vinculaci\u00f3n a proceso en contra de \u00d3scar Manuel \u201cN\u201d, de 23 a\u00f1os, y Luis Manuel \u201cN\u201d, de 18.<\/p>\n<p>Durante la continuaci\u00f3n de audiencia inicial, se determin\u00f3, una vez m\u00e1s, la medida cautelar de prisi\u00f3n preventiva justificada, otorgando dos meses para el cierre de la investigaci\u00f3n complementaria, con base en los datos de prueba presentados por el Ministerio P\u00fablico.<\/p>\n<p>Los hechos se registraron el pasado 19 de junio, entre las 20:10 y 20:30 horas, cuando los imputados, junto a otros sujetos no identificados, se desplazaban a bordo de un veh\u00edculo Hyundai Accent blanco por diversas calles de San Luis R\u00edo Colorado.<\/p>\n<p>Al ser detectados por personal de la Agencia Ministerial de Investigaci\u00f3n Criminal (AMIC), \u00d3scar Manuel \u201cN\u201d habr\u00eda disparado directamente contra los elementos desde el interior del veh\u00edculo, iniciando as\u00ed una persecuci\u00f3n.<\/p>\n<p>Derivado de la agresi\u00f3n con armas de fuego, los agentes repelieron el ataque sin que se registraran v\u00edctimas mortales, hasta finalmente asegurar a los implicados en Calle 7 y Pedro Bribiesca, en la colonia Del Bosque, donde se asegur\u00f3 un arma de fuego y diversos indicios bal\u00edsticos.<\/p>\n<p>La Fiscal\u00eda General de Justicia del Estado de Sonora (FGJES) reafirma su compromiso institucional de actuar con firmeza contra quienes atenten contra la vida y seguridad de los servidores p\u00fablicos, dando continuidad a las investigaciones y procediendo conforme a derecho para garantizar justicia y paz en la regi\u00f3n.<\/p>\n","protected":false},"excerpt":{"rendered":"<p>San Luis R\u00edo Colorado, Sonora, 30 de junio de 2025.- Por su probable responsabilidad en el delito de tentativa de homicidio calificado en n\u00famero de dos, as\u00ed como delitos cometidos contra servidores p\u00fablicos, ambos en agravio de elementos de la AMIC, la Fiscal\u00eda General de Justicia del Estado de Sonora (FGJES) obtuvo auto de vinculaci\u00f3n [&hellip;]<\/p>\n","protected":false},"author":2,"featured_media":223131,"comment_status":"closed","ping_status":"closed","sticky":false,"template":"","format":"standard","meta":{"footnotes":""},"categories":[12870,174],"tags":[12865,12873],"class_list":["post-223130","post","type-post","status-publish","format-standard","has-post-thumbnail","hentry","category-destacadas","category-estatal","tag-destacadas","tag-estatal"],"jetpack_featured_media_url":"https:\/\/rnoticias.com.mx\/Portal\/wp-content\/uploads\/2025\/06\/353cbb86-f1ba-4b6e-a846-42324ce37533.jpg","amp_enabled":true,"_links":{"self":[{"href":"https:\/\/rnoticias.com.mx\/Portal\/wp-json\/wp\/v2\/posts\/223130","targetHints":{"allow":["GET"]}}],"collection":[{"href":"https:\/\/rnoticias.com.mx\/Portal\/wp-json\/wp\/v2\/posts"}],"about":[{"href":"https:\/\/rnoticias.com.mx\/Portal\/wp-json\/wp\/v2\/types\/post"}],"author":[{"embeddable":true,"href":"https:\/\/rnoticias.com.mx\/Portal\/wp-json\/wp\/v2\/users\/2"}],"replies":[{"embeddable":true,"href":"https:\/\/rnoticias.com.mx\/Portal\/wp-json\/wp\/v2\/comments?post=223130"}],"version-history":[{"count":1,"href":"https:\/\/rnoticias.com.mx\/Portal\/wp-json\/wp\/v2\/posts\/223130\/revisions"}],"predecessor-version":[{"id":223132,"href":"https:\/\/rnoticias.com.mx\/Portal\/wp-json\/wp\/v2\/posts\/223130\/revisions\/223132"}],"wp:featuredmedia":[{"embeddable":true,"href":"https:\/\/rnoticias.com.mx\/Portal\/wp-json\/wp\/v2\/media\/223131"}],"wp:attachment":[{"href":"https:\/\/rnoticias.com.mx\/Portal\/wp-json\/wp\/v2\/media?parent=223130"}],"wp:term":[{"taxonomy":"category","embeddable":true,"href":"https:\/\/rnoticias.com.mx\/Portal\/wp-json\/wp\/v2\/categories?post=223130"},{"taxonomy":"post_tag","embeddable":true,"href":"https:\/\/rnoticias.com.mx\/Portal\/wp-json\/wp\/v2\/tags?post=223130"}],"curies":[{"name":"wp","href":"https:\/\/api.w.org\/{rel}","templated":true}]}}