{"id":223121,"date":"2025-06-30T14:43:11","date_gmt":"2025-06-30T21:43:11","guid":{"rendered":"https:\/\/rnoticias.com.mx\/Portal\/?p=223121"},"modified":"2025-06-30T14:43:11","modified_gmt":"2025-06-30T21:43:11","slug":"gobierno-de-sonora-impulsa-cultura-educacion-ambiental-y-participacion-ciudadana-en-bosque-urbano-la-sauceda","status":"publish","type":"post","link":"https:\/\/rnoticias.com.mx\/Portal\/2025\/06\/30\/gobierno-de-sonora-impulsa-cultura-educacion-ambiental-y-participacion-ciudadana-en-bosque-urbano-la-sauceda\/","title":{"rendered":"Gobierno de Sonora impulsa cultura, educaci\u00f3n ambiental y participaci\u00f3n ciudadana en Bosque Urbano La Sauceda"},"content":{"rendered":"<p>Hermosillo, Sonora; 30 de junio de 2025.- El Gobierno de Sonora, a trav\u00e9s del Bosque Urbano La Sauceda, llev\u00f3 a cabo un fin de semana lleno de actividades que reunieron a la comunidad en torno al arte, la educaci\u00f3n ambiental y la reforestaci\u00f3n. Estas acciones reafirman el compromiso de transformar La Sauceda en un espacio inclusivo, participativo y ambientalmente responsable.<\/p>\n<p>Entre las actividades m\u00e1s destacadas se encuentran las jornadas de reforestaci\u00f3n con voluntarios, quienes plantaron especies nativas como parte del proyecto realizado en convenio con la Comisi\u00f3n Nacional Forestal (Conafor), a trav\u00e9s del cual, hasta la fecha, se han colocado 658 plantas nativas. Adicionalmente, se han sembrado 209 arbustos, reforzando el objetivo de consolidar a La Sauceda como un pulm\u00f3n verde en la ciudad.<\/p>\n<p>Tambi\u00e9n se realizaron talleres abiertos de cer\u00e1mica y percusiones, fomentando la creatividad y el encuentro comunitario.<\/p>\n<p>La charla \u201cEconversando: Las aves en Sonora\u201d cont\u00f3 con alta participaci\u00f3n y gener\u00f3 reflexi\u00f3n sobre la biodiversidad local y su conservaci\u00f3n. En el marco del D\u00eda Mundial del \u00c1rbol, se llev\u00f3 a cabo la actividad infantil \u201cPeque\u00f1os guardabosques\u201d, en la que ni\u00f1as y ni\u00f1os adoptaron una planta nativa con certificado, promoviendo la conciencia ambiental desde la infancia.<\/p>\n<p>La programaci\u00f3n cultural incluy\u00f3 la proyecci\u00f3n del documental El llanto de las tortugas y los conciertos de los programas Domingo Chill y Escenario Joven, que reunieron a artistas locales en el foro al aire libre. Como parte de estas actividades, se instal\u00f3 un bazar cultural que brind\u00f3 a productores locales la oportunidad de exhibir y comercializar sus productos, fortaleciendo el v\u00ednculo entre comunidad, econom\u00eda solidaria y espacios p\u00fablicos.<\/p>\n<p>Todas estas acciones forman parte de la visi\u00f3n del Gobierno de Sonora de recuperar La Sauceda como un bosque urbano des\u00e9rtico \u00fanico en M\u00e9xico, y consolidarlo como un espacio p\u00fablico para la cultura, el aprendizaje y la acci\u00f3n clim\u00e1tica.<\/p>\n","protected":false},"excerpt":{"rendered":"<p>Hermosillo, Sonora; 30 de junio de 2025.- El Gobierno de Sonora, a trav\u00e9s del Bosque Urbano La Sauceda, llev\u00f3 a cabo un fin de semana lleno de actividades que reunieron a la comunidad en torno al arte, la educaci\u00f3n ambiental y la reforestaci\u00f3n. Estas acciones reafirman el compromiso de transformar La Sauceda en un espacio [&hellip;]<\/p>\n","protected":false},"author":2,"featured_media":223122,"comment_status":"closed","ping_status":"closed","sticky":false,"template":"","format":"standard","meta":{"footnotes":""},"categories":[12870,178],"tags":[12865,12869],"class_list":["post-223121","post","type-post","status-publish","format-standard","has-post-thumbnail","hentry","category-destacadas","category-local","tag-destacadas","tag-local"],"jetpack_featured_media_url":"https:\/\/rnoticias.com.mx\/Portal\/wp-content\/uploads\/2025\/06\/unnamed-3-12.jpg","amp_enabled":true,"_links":{"self":[{"href":"https:\/\/rnoticias.com.mx\/Portal\/wp-json\/wp\/v2\/posts\/223121","targetHints":{"allow":["GET"]}}],"collection":[{"href":"https:\/\/rnoticias.com.mx\/Portal\/wp-json\/wp\/v2\/posts"}],"about":[{"href":"https:\/\/rnoticias.com.mx\/Portal\/wp-json\/wp\/v2\/types\/post"}],"author":[{"embeddable":true,"href":"https:\/\/rnoticias.com.mx\/Portal\/wp-json\/wp\/v2\/users\/2"}],"replies":[{"embeddable":true,"href":"https:\/\/rnoticias.com.mx\/Portal\/wp-json\/wp\/v2\/comments?post=223121"}],"version-history":[{"count":1,"href":"https:\/\/rnoticias.com.mx\/Portal\/wp-json\/wp\/v2\/posts\/223121\/revisions"}],"predecessor-version":[{"id":223123,"href":"https:\/\/rnoticias.com.mx\/Portal\/wp-json\/wp\/v2\/posts\/223121\/revisions\/223123"}],"wp:featuredmedia":[{"embeddable":true,"href":"https:\/\/rnoticias.com.mx\/Portal\/wp-json\/wp\/v2\/media\/223122"}],"wp:attachment":[{"href":"https:\/\/rnoticias.com.mx\/Portal\/wp-json\/wp\/v2\/media?parent=223121"}],"wp:term":[{"taxonomy":"category","embeddable":true,"href":"https:\/\/rnoticias.com.mx\/Portal\/wp-json\/wp\/v2\/categories?post=223121"},{"taxonomy":"post_tag","embeddable":true,"href":"https:\/\/rnoticias.com.mx\/Portal\/wp-json\/wp\/v2\/tags?post=223121"}],"curies":[{"name":"wp","href":"https:\/\/api.w.org\/{rel}","templated":true}]}}