{"id":223118,"date":"2025-06-30T14:39:00","date_gmt":"2025-06-30T21:39:00","guid":{"rendered":"https:\/\/rnoticias.com.mx\/Portal\/?p=223118"},"modified":"2025-06-30T14:39:00","modified_gmt":"2025-06-30T21:39:00","slug":"promueve-gobierno-de-sonora-cultura-de-la-paz-entre-ninas-y-ninos-de-navojoa","status":"publish","type":"post","link":"https:\/\/rnoticias.com.mx\/Portal\/2025\/06\/30\/promueve-gobierno-de-sonora-cultura-de-la-paz-entre-ninas-y-ninos-de-navojoa\/","title":{"rendered":"Promueve Gobierno de Sonora cultura de la paz entre ni\u00f1as y ni\u00f1os de Navojoa"},"content":{"rendered":"<p>Navojoa, Sonora; 30 de junio de 2025.- La promoci\u00f3n de la cultura de la paz entre la ni\u00f1ez y juventud es una acci\u00f3n permanente que impulsa el Gobierno de Sonora en los municipios, mediante actividades que fomentan el respeto, la amistad, el compa\u00f1erismo, el rechazo al bullying, as\u00ed como el uso responsable del 9-1-1 para reportar emergencias.<\/p>\n<p>En Navojoa, la Secretar\u00eda de Seguridad P\u00fablica (SSP), en colaboraci\u00f3n con el Instituto Sonorense de la Juventud (ISJ), participa en los Campamentos de Verano organizados para el beneficio de ni\u00f1as y ni\u00f1os del municipio.<\/p>\n<p>Con la participaci\u00f3n de la Divisi\u00f3n de Proximidad Ciudadana de la Polic\u00eda Estatal y personal del Centro de Prevenci\u00f3n del Delito y Participaci\u00f3n Ciudadana, durante el primer d\u00eda de actividades se atendi\u00f3 a cerca de 200 alumnos de las escuelas primarias \u201cProfra. Rafaela Rodr\u00edguez Sanders\u201d y \u201cJuventino R. Solano\u201d, ubicadas en la colonia Nogalitos.<\/p>\n<p>En esta actividad de verano, se convoc\u00f3 a las y los menores a ser promotores de la paz en sus escuelas y hogares, a erradicar el bullying y practicar valores como el respeto, la solidaridad y la empat\u00eda.<\/p>\n<p>Las y los elementos especializados en Proximidad Ciudadana compartieron tambi\u00e9n la importancia del deporte en la vida diaria y los beneficios que aporta a la salud f\u00edsica y mental.<\/p>\n","protected":false},"excerpt":{"rendered":"<p>Navojoa, Sonora; 30 de junio de 2025.- La promoci\u00f3n de la cultura de la paz entre la ni\u00f1ez y juventud es una acci\u00f3n permanente que impulsa el Gobierno de Sonora en los municipios, mediante actividades que fomentan el respeto, la amistad, el compa\u00f1erismo, el rechazo al bullying, as\u00ed como el uso responsable del 9-1-1 para [&hellip;]<\/p>\n","protected":false},"author":2,"featured_media":223119,"comment_status":"closed","ping_status":"closed","sticky":false,"template":"","format":"standard","meta":{"footnotes":""},"categories":[12870,174],"tags":[12865,12873],"class_list":["post-223118","post","type-post","status-publish","format-standard","has-post-thumbnail","hentry","category-destacadas","category-estatal","tag-destacadas","tag-estatal"],"jetpack_featured_media_url":"https:\/\/rnoticias.com.mx\/Portal\/wp-content\/uploads\/2025\/06\/unnamed-137.jpg","amp_enabled":true,"_links":{"self":[{"href":"https:\/\/rnoticias.com.mx\/Portal\/wp-json\/wp\/v2\/posts\/223118","targetHints":{"allow":["GET"]}}],"collection":[{"href":"https:\/\/rnoticias.com.mx\/Portal\/wp-json\/wp\/v2\/posts"}],"about":[{"href":"https:\/\/rnoticias.com.mx\/Portal\/wp-json\/wp\/v2\/types\/post"}],"author":[{"embeddable":true,"href":"https:\/\/rnoticias.com.mx\/Portal\/wp-json\/wp\/v2\/users\/2"}],"replies":[{"embeddable":true,"href":"https:\/\/rnoticias.com.mx\/Portal\/wp-json\/wp\/v2\/comments?post=223118"}],"version-history":[{"count":1,"href":"https:\/\/rnoticias.com.mx\/Portal\/wp-json\/wp\/v2\/posts\/223118\/revisions"}],"predecessor-version":[{"id":223120,"href":"https:\/\/rnoticias.com.mx\/Portal\/wp-json\/wp\/v2\/posts\/223118\/revisions\/223120"}],"wp:featuredmedia":[{"embeddable":true,"href":"https:\/\/rnoticias.com.mx\/Portal\/wp-json\/wp\/v2\/media\/223119"}],"wp:attachment":[{"href":"https:\/\/rnoticias.com.mx\/Portal\/wp-json\/wp\/v2\/media?parent=223118"}],"wp:term":[{"taxonomy":"category","embeddable":true,"href":"https:\/\/rnoticias.com.mx\/Portal\/wp-json\/wp\/v2\/categories?post=223118"},{"taxonomy":"post_tag","embeddable":true,"href":"https:\/\/rnoticias.com.mx\/Portal\/wp-json\/wp\/v2\/tags?post=223118"}],"curies":[{"name":"wp","href":"https:\/\/api.w.org\/{rel}","templated":true}]}}