{"id":223115,"date":"2025-06-30T14:38:08","date_gmt":"2025-06-30T21:38:08","guid":{"rendered":"https:\/\/rnoticias.com.mx\/Portal\/?p=223115"},"modified":"2025-06-30T14:38:08","modified_gmt":"2025-06-30T21:38:08","slug":"reapertura-del-mercado-municipal-1-podria-postergarse-unas-semanas-mas","status":"publish","type":"post","link":"https:\/\/rnoticias.com.mx\/Portal\/2025\/06\/30\/reapertura-del-mercado-municipal-1-podria-postergarse-unas-semanas-mas\/","title":{"rendered":"Reapertura del Mercado Municipal #1 podr\u00eda postergarse unas semanas m\u00e1s"},"content":{"rendered":"<div data-olk-copy-source=\"MessageBody\">El regreso de los locatarios al Mercado Municipal #1 de Hermosillo podr\u00eda aplazarse hasta agosto, debido a que a\u00fan se realizan trabajos t\u00e9cnicos clave en las instalaciones.<\/div>\n<div aria-hidden=\"true\"><\/div>\n<div>Mar\u00eda Auxiliadora Ung Arroyo, secretaria de la Uni\u00f3n de Locatarios, explic\u00f3 que aunque originalmente se estimaba su reapertura para principios de julio, los avances en la red de gas, el sistema contra incendios y la revisi\u00f3n de la red hidr\u00e1ulica por parte de Agua de Hermosillo determinar\u00e1n si es posible volver antes de finalizar ese mes, explic\u00f3<\/div>\n<div><\/div>\n<div>S\u00ed, yo pienso que de mediados a la tercera semana de julio yo pienso que s\u00ed,\u00a0ya vamos a poder estar ingresando ya en lo que terminen ellos de ahora s\u00ed de concluir con las\u00a0adecuaciones o con lo que haga falta ya de para poder brindar los servicios, pues ya estar adentro para luego luego comenzar\u201d, dijo.<\/div>\n<div aria-hidden=\"true\"><\/div>\n<div>Ung Arroyo se\u00f1al\u00f3 que, a pesar de que el sistema el\u00e9ctrico est\u00e1 casi concluido, los trabajos han sido lentos debido al car\u00e1cter hist\u00f3rico del inmueble.<\/div>\n<div aria-hidden=\"true\"><\/div>\n<div>Por \u00faltimo, mencion\u00f3 que la rehabilitaci\u00f3n ha sido detallada y cuidadosa, priorizando la seguridad y la preservaci\u00f3n del edificio.<\/div>\n","protected":false},"excerpt":{"rendered":"<p>El regreso de los locatarios al Mercado Municipal #1 de Hermosillo podr\u00eda aplazarse hasta agosto, debido a que a\u00fan se realizan trabajos t\u00e9cnicos clave en las instalaciones. Mar\u00eda Auxiliadora Ung Arroyo, secretaria de la Uni\u00f3n de Locatarios, explic\u00f3 que aunque originalmente se estimaba su reapertura para principios de julio, los avances en la red de [&hellip;]<\/p>\n","protected":false},"author":2,"featured_media":223116,"comment_status":"closed","ping_status":"closed","sticky":false,"template":"","format":"standard","meta":{"footnotes":""},"categories":[12870,178],"tags":[12865,12869],"class_list":["post-223115","post","type-post","status-publish","format-standard","has-post-thumbnail","hentry","category-destacadas","category-local","tag-destacadas","tag-local"],"jetpack_featured_media_url":"https:\/\/rnoticias.com.mx\/Portal\/wp-content\/uploads\/2025\/06\/mercado-municipal-de-hermosillo-reapertura-1.png","amp_enabled":true,"_links":{"self":[{"href":"https:\/\/rnoticias.com.mx\/Portal\/wp-json\/wp\/v2\/posts\/223115","targetHints":{"allow":["GET"]}}],"collection":[{"href":"https:\/\/rnoticias.com.mx\/Portal\/wp-json\/wp\/v2\/posts"}],"about":[{"href":"https:\/\/rnoticias.com.mx\/Portal\/wp-json\/wp\/v2\/types\/post"}],"author":[{"embeddable":true,"href":"https:\/\/rnoticias.com.mx\/Portal\/wp-json\/wp\/v2\/users\/2"}],"replies":[{"embeddable":true,"href":"https:\/\/rnoticias.com.mx\/Portal\/wp-json\/wp\/v2\/comments?post=223115"}],"version-history":[{"count":1,"href":"https:\/\/rnoticias.com.mx\/Portal\/wp-json\/wp\/v2\/posts\/223115\/revisions"}],"predecessor-version":[{"id":223117,"href":"https:\/\/rnoticias.com.mx\/Portal\/wp-json\/wp\/v2\/posts\/223115\/revisions\/223117"}],"wp:featuredmedia":[{"embeddable":true,"href":"https:\/\/rnoticias.com.mx\/Portal\/wp-json\/wp\/v2\/media\/223116"}],"wp:attachment":[{"href":"https:\/\/rnoticias.com.mx\/Portal\/wp-json\/wp\/v2\/media?parent=223115"}],"wp:term":[{"taxonomy":"category","embeddable":true,"href":"https:\/\/rnoticias.com.mx\/Portal\/wp-json\/wp\/v2\/categories?post=223115"},{"taxonomy":"post_tag","embeddable":true,"href":"https:\/\/rnoticias.com.mx\/Portal\/wp-json\/wp\/v2\/tags?post=223115"}],"curies":[{"name":"wp","href":"https:\/\/api.w.org\/{rel}","templated":true}]}}