{"id":223112,"date":"2025-06-30T14:37:03","date_gmt":"2025-06-30T21:37:03","guid":{"rendered":"https:\/\/rnoticias.com.mx\/Portal\/?p=223112"},"modified":"2025-06-30T14:37:03","modified_gmt":"2025-06-30T21:37:03","slug":"se-avizoran-mas-lluvias-en-sonora-durante-varios-dias-conagua","status":"publish","type":"post","link":"https:\/\/rnoticias.com.mx\/Portal\/2025\/06\/30\/se-avizoran-mas-lluvias-en-sonora-durante-varios-dias-conagua\/","title":{"rendered":"Se avizoran m\u00e1s lluvias en Sonora durante varios d\u00edas: Conagua"},"content":{"rendered":"<div data-olk-copy-source=\"MessageBody\">A partir de este martes en el estado de Sonora se presentar\u00e1n lluvias en m\u00e1s regiones de la entidad y por ende benefici\u00e1ndose un mayor n\u00famero de municipios, coment\u00f3 la Comisi\u00f3n Nacional del Agua.<\/div>\n<div aria-hidden=\"true\"><\/div>\n<div>Gilberto Lagarda V\u00e1zquez, especialista t\u00e9cnico de la Conagua en Sonora, dio a conocer que estas condiciones se van a presentar en el estado con el inicio del mes de julio.<\/div>\n<div><\/div>\n<div><b>\u201cSe mantienen las condiciones para temperaturas muy calurosas en Sonora, con valores m\u00e1ximos por encima de los 45 grados sobre todo para las partes del centro, sur y noroeste. Adem\u00e1s, que este lunes las lluvias solo se presentar\u00e1n en la zona oriental y en la sierra de sur del estado, ser\u00e1n ligeras a moderadas en estas regiones\u201d, dijo.<\/b><\/div>\n<div aria-hidden=\"true\"><\/div>\n<div>Agreg\u00f3, que, para este martes, las lluvias abarcar\u00e1n la zona del norte, y toda la parte de la sierra hasta \u00c1lamos y para el mi\u00e9rcoles las precipitaciones alcanzar\u00e1n a m\u00e1s del 85% por territorio sonorense beneficiando a lugares como Caborca y Hermosillo tambi\u00e9n.<\/div>\n<div aria-hidden=\"true\"><\/div>\n<div>Finalmente, Lagarda V\u00e1zquez, declar\u00f3 que las temperaturas, tender\u00e1n a bajar en las pr\u00f3ximas horas y ciudades como Hermosillo registrar\u00e1n m\u00e1ximas de los 47 grados este lunes y 39 el mi\u00e9rcoles; Nogales de 39 a 31 y Cajeme de 42 a 35 grados cent\u00edgrados en el mismo periodo de tiempo.<\/div>\n","protected":false},"excerpt":{"rendered":"<p>A partir de este martes en el estado de Sonora se presentar\u00e1n lluvias en m\u00e1s regiones de la entidad y por ende benefici\u00e1ndose un mayor n\u00famero de municipios, coment\u00f3 la Comisi\u00f3n Nacional del Agua. Gilberto Lagarda V\u00e1zquez, especialista t\u00e9cnico de la Conagua en Sonora, dio a conocer que estas condiciones se van a presentar en [&hellip;]<\/p>\n","protected":false},"author":2,"featured_media":223113,"comment_status":"closed","ping_status":"closed","sticky":false,"template":"","format":"standard","meta":{"footnotes":""},"categories":[12870,178],"tags":[12865,12869],"class_list":["post-223112","post","type-post","status-publish","format-standard","has-post-thumbnail","hentry","category-destacadas","category-local","tag-destacadas","tag-local"],"jetpack_featured_media_url":"https:\/\/rnoticias.com.mx\/Portal\/wp-content\/uploads\/2025\/06\/lluvia-en-sonora-pronostican-70-de-probabilidad-b8a28f2b-focus-0-0-1300-866.jpg","amp_enabled":true,"_links":{"self":[{"href":"https:\/\/rnoticias.com.mx\/Portal\/wp-json\/wp\/v2\/posts\/223112","targetHints":{"allow":["GET"]}}],"collection":[{"href":"https:\/\/rnoticias.com.mx\/Portal\/wp-json\/wp\/v2\/posts"}],"about":[{"href":"https:\/\/rnoticias.com.mx\/Portal\/wp-json\/wp\/v2\/types\/post"}],"author":[{"embeddable":true,"href":"https:\/\/rnoticias.com.mx\/Portal\/wp-json\/wp\/v2\/users\/2"}],"replies":[{"embeddable":true,"href":"https:\/\/rnoticias.com.mx\/Portal\/wp-json\/wp\/v2\/comments?post=223112"}],"version-history":[{"count":1,"href":"https:\/\/rnoticias.com.mx\/Portal\/wp-json\/wp\/v2\/posts\/223112\/revisions"}],"predecessor-version":[{"id":223114,"href":"https:\/\/rnoticias.com.mx\/Portal\/wp-json\/wp\/v2\/posts\/223112\/revisions\/223114"}],"wp:featuredmedia":[{"embeddable":true,"href":"https:\/\/rnoticias.com.mx\/Portal\/wp-json\/wp\/v2\/media\/223113"}],"wp:attachment":[{"href":"https:\/\/rnoticias.com.mx\/Portal\/wp-json\/wp\/v2\/media?parent=223112"}],"wp:term":[{"taxonomy":"category","embeddable":true,"href":"https:\/\/rnoticias.com.mx\/Portal\/wp-json\/wp\/v2\/categories?post=223112"},{"taxonomy":"post_tag","embeddable":true,"href":"https:\/\/rnoticias.com.mx\/Portal\/wp-json\/wp\/v2\/tags?post=223112"}],"curies":[{"name":"wp","href":"https:\/\/api.w.org\/{rel}","templated":true}]}}