{"id":223109,"date":"2025-06-30T13:06:50","date_gmt":"2025-06-30T20:06:50","guid":{"rendered":"https:\/\/rnoticias.com.mx\/Portal\/?p=223109"},"modified":"2025-06-30T13:06:50","modified_gmt":"2025-06-30T20:06:50","slug":"muere-hombre-en-celdas-de-la-policia-municipal-en-ciudad-obregon","status":"publish","type":"post","link":"https:\/\/rnoticias.com.mx\/Portal\/2025\/06\/30\/muere-hombre-en-celdas-de-la-policia-municipal-en-ciudad-obregon\/","title":{"rendered":"Muere hombre en celdas de la Polic\u00eda Municipal en Ciudad Obreg\u00f3n"},"content":{"rendered":"<p>La\u00a0<strong>Fiscal\u00eda General de Justicia del Estado<\/strong>\u00a0investiga la muerte de\u00a0<strong>una persona localizada sin vida al interior de los separos de la comandancia de la Polic\u00eda Municipal en Ciudad Obreg\u00f3n<\/strong>.<\/p>\n<p>El delegado de la Fiscal\u00eda en el sur del estado, Roberto Tapia Valdez, inform\u00f3 que la causa del fallecimiento fue asfixia.<\/p>\n<p>Precis\u00f3 que el hoy occiso se encontraba, en ese momento, bajo resguardo administrativo y a disposici\u00f3n de un m\u00e9dico legista.<\/p>\n<p>&nbsp;<\/p>\n<blockquote><p>&#8220;Se concluy\u00f3 que esta persona se asfixi\u00f3 con un cord\u00f3n que llevaba en el short; se hizo una especie de torniquete con el mismo y as\u00ed se priv\u00f3 de la vida&#8221;, enfatiz\u00f3 el funcionario.<\/p><\/blockquote>\n<p>Agreg\u00f3 que se ha solicitado acceso a los equipos de videovigilancia, as\u00ed como la informaci\u00f3n relacionada con la detenci\u00f3n de la persona.<\/p>\n<p>Record\u00f3 que el fallecido fue ingresado a los separos tras ser detenido por escandalizar en la v\u00eda p\u00fablica.<\/p>\n<p>&nbsp;<\/p>\n<p>Uniradio<\/p>\n","protected":false},"excerpt":{"rendered":"<p>La\u00a0Fiscal\u00eda General de Justicia del Estado\u00a0investiga la muerte de\u00a0una persona localizada sin vida al interior de los separos de la comandancia de la Polic\u00eda Municipal en Ciudad Obreg\u00f3n. El delegado de la Fiscal\u00eda en el sur del estado, Roberto Tapia Valdez, inform\u00f3 que la causa del fallecimiento fue asfixia. Precis\u00f3 que el hoy occiso se [&hellip;]<\/p>\n","protected":false},"author":2,"featured_media":223110,"comment_status":"closed","ping_status":"closed","sticky":false,"template":"","format":"standard","meta":{"footnotes":""},"categories":[12870,174],"tags":[12865,12873],"class_list":["post-223109","post","type-post","status-publish","format-standard","has-post-thumbnail","hentry","category-destacadas","category-estatal","tag-destacadas","tag-estatal"],"jetpack_featured_media_url":"https:\/\/rnoticias.com.mx\/Portal\/wp-content\/uploads\/2025\/06\/ciudad-obregon-muere-policia28129.webp","amp_enabled":true,"_links":{"self":[{"href":"https:\/\/rnoticias.com.mx\/Portal\/wp-json\/wp\/v2\/posts\/223109","targetHints":{"allow":["GET"]}}],"collection":[{"href":"https:\/\/rnoticias.com.mx\/Portal\/wp-json\/wp\/v2\/posts"}],"about":[{"href":"https:\/\/rnoticias.com.mx\/Portal\/wp-json\/wp\/v2\/types\/post"}],"author":[{"embeddable":true,"href":"https:\/\/rnoticias.com.mx\/Portal\/wp-json\/wp\/v2\/users\/2"}],"replies":[{"embeddable":true,"href":"https:\/\/rnoticias.com.mx\/Portal\/wp-json\/wp\/v2\/comments?post=223109"}],"version-history":[{"count":1,"href":"https:\/\/rnoticias.com.mx\/Portal\/wp-json\/wp\/v2\/posts\/223109\/revisions"}],"predecessor-version":[{"id":223111,"href":"https:\/\/rnoticias.com.mx\/Portal\/wp-json\/wp\/v2\/posts\/223109\/revisions\/223111"}],"wp:featuredmedia":[{"embeddable":true,"href":"https:\/\/rnoticias.com.mx\/Portal\/wp-json\/wp\/v2\/media\/223110"}],"wp:attachment":[{"href":"https:\/\/rnoticias.com.mx\/Portal\/wp-json\/wp\/v2\/media?parent=223109"}],"wp:term":[{"taxonomy":"category","embeddable":true,"href":"https:\/\/rnoticias.com.mx\/Portal\/wp-json\/wp\/v2\/categories?post=223109"},{"taxonomy":"post_tag","embeddable":true,"href":"https:\/\/rnoticias.com.mx\/Portal\/wp-json\/wp\/v2\/tags?post=223109"}],"curies":[{"name":"wp","href":"https:\/\/api.w.org\/{rel}","templated":true}]}}