{"id":223100,"date":"2025-06-30T12:21:42","date_gmt":"2025-06-30T19:21:42","guid":{"rendered":"https:\/\/rnoticias.com.mx\/Portal\/?p=223100"},"modified":"2025-06-30T12:21:42","modified_gmt":"2025-06-30T19:21:42","slug":"difunde-gobierno-de-sonora-padron-de-personas-beneficiarias-del-programa-fomentando-el-envejecimiento-activo-isaam","status":"publish","type":"post","link":"https:\/\/rnoticias.com.mx\/Portal\/2025\/06\/30\/difunde-gobierno-de-sonora-padron-de-personas-beneficiarias-del-programa-fomentando-el-envejecimiento-activo-isaam\/","title":{"rendered":"Difunde Gobierno de Sonora padr\u00f3n de personas beneficiarias del Programa Fomentando el Envejecimiento Activo: ISAAM"},"content":{"rendered":"<p>Hermosillo, Sonora; 30 de junio de 2025.- Con el compromiso de generar pol\u00edticas p\u00fablicas que promuevan un envejecimiento digno, en condiciones de bienestar, autonom\u00eda e independencia, el Gobierno de Sonora, a trav\u00e9s del Instituto Sonorense para la Atenci\u00f3n de los Adultos Mayores (ISAAM), public\u00f3 el padr\u00f3n de personas beneficiarias de la segunda convocatoria del Programa Fomentando el Envejecimiento Activo 2025.<\/p>\n<p>En esta edici\u00f3n, resultaron beneficiadas 145 personas adultas mayores de los municipios de Agua Prieta, \u00c1lamos, B\u00e1cum, Benito Ju\u00e1rez, Benjam\u00edn Hill, Caborca, Cajeme, Empalme, Guaymas, Hermosillo, Navojoa, Nogales, Rosario, San Ignacio R\u00edo Muerto, Santa Ana y Soyopa.<\/p>\n<p>Las y los beneficiarios ofrecer\u00e1n clases de acondicionamiento f\u00edsico, yoga, artes marciales, baile folcl\u00f3rico, zumba, cachibol, taich\u00ed, actividades cognitivas, manualidades, pintura, ajedrez, ingl\u00e9s, lectura, lengua ind\u00edgena, guitarra, computaci\u00f3n, bisuter\u00eda, tejido, bordado, costura, carpinter\u00eda, elaboraci\u00f3n de pi\u00f1atas, corte de cabello, cocina, reposter\u00eda, panader\u00eda, agricultura, jardiner\u00eda, entre otras.<\/p>\n<p>Estas actividades se desarrollar\u00e1n en los Centros de Desarrollo para las Personas Adultas Mayores (CEDAM) de Hermosillo, Cajeme y Agua Prieta, as\u00ed como en espacios p\u00fablicos y domicilios particulares. Cada persona beneficiaria recibir\u00e1 un apoyo econ\u00f3mico durante tres meses (julio, agosto y septiembre).<\/p>\n<p>Podr\u00e1 consultar el padr\u00f3n de personas beneficiarias en:\u00a0<a href=\"https:\/\/isaam.sonora.gob.mx\/atencion-a-programas\/Programa-Fomentando-el-Envejecimiento-Activo2025.html\" target=\"_blank\" rel=\"noopener\" data-saferedirecturl=\"https:\/\/www.google.com\/url?q=https:\/\/isaam.sonora.gob.mx\/atencion-a-programas\/Programa-Fomentando-el-Envejecimiento-Activo2025.html&amp;source=gmail&amp;ust=1751397582945000&amp;usg=AOvVaw0CdVBy9i5lfT899UiNwLFp\">https:\/\/isaam.sonora.gob.mx\/<wbr \/>atencion-a-programas\/Programa-<wbr \/>Fomentando-el-Envejecimiento-<wbr \/>Activo2025.html<\/a><\/p>\n<p>Gracias al liderazgo del gobernador Alfonso Durazo, el Gobierno de Sonora impulsa acciones que dignifican la vida de las personas adultas mayores y fomentan su participaci\u00f3n activa en la sociedad.<\/p>\n","protected":false},"excerpt":{"rendered":"<p>Hermosillo, Sonora; 30 de junio de 2025.- Con el compromiso de generar pol\u00edticas p\u00fablicas que promuevan un envejecimiento digno, en condiciones de bienestar, autonom\u00eda e independencia, el Gobierno de Sonora, a trav\u00e9s del Instituto Sonorense para la Atenci\u00f3n de los Adultos Mayores (ISAAM), public\u00f3 el padr\u00f3n de personas beneficiarias de la segunda convocatoria del Programa [&hellip;]<\/p>\n","protected":false},"author":2,"featured_media":223101,"comment_status":"closed","ping_status":"closed","sticky":false,"template":"","format":"standard","meta":{"footnotes":""},"categories":[12870,178],"tags":[12865,12869],"class_list":["post-223100","post","type-post","status-publish","format-standard","has-post-thumbnail","hentry","category-destacadas","category-local","tag-destacadas","tag-local"],"jetpack_featured_media_url":"https:\/\/rnoticias.com.mx\/Portal\/wp-content\/uploads\/2025\/06\/unnamed-136.jpg","amp_enabled":true,"_links":{"self":[{"href":"https:\/\/rnoticias.com.mx\/Portal\/wp-json\/wp\/v2\/posts\/223100","targetHints":{"allow":["GET"]}}],"collection":[{"href":"https:\/\/rnoticias.com.mx\/Portal\/wp-json\/wp\/v2\/posts"}],"about":[{"href":"https:\/\/rnoticias.com.mx\/Portal\/wp-json\/wp\/v2\/types\/post"}],"author":[{"embeddable":true,"href":"https:\/\/rnoticias.com.mx\/Portal\/wp-json\/wp\/v2\/users\/2"}],"replies":[{"embeddable":true,"href":"https:\/\/rnoticias.com.mx\/Portal\/wp-json\/wp\/v2\/comments?post=223100"}],"version-history":[{"count":1,"href":"https:\/\/rnoticias.com.mx\/Portal\/wp-json\/wp\/v2\/posts\/223100\/revisions"}],"predecessor-version":[{"id":223102,"href":"https:\/\/rnoticias.com.mx\/Portal\/wp-json\/wp\/v2\/posts\/223100\/revisions\/223102"}],"wp:featuredmedia":[{"embeddable":true,"href":"https:\/\/rnoticias.com.mx\/Portal\/wp-json\/wp\/v2\/media\/223101"}],"wp:attachment":[{"href":"https:\/\/rnoticias.com.mx\/Portal\/wp-json\/wp\/v2\/media?parent=223100"}],"wp:term":[{"taxonomy":"category","embeddable":true,"href":"https:\/\/rnoticias.com.mx\/Portal\/wp-json\/wp\/v2\/categories?post=223100"},{"taxonomy":"post_tag","embeddable":true,"href":"https:\/\/rnoticias.com.mx\/Portal\/wp-json\/wp\/v2\/tags?post=223100"}],"curies":[{"name":"wp","href":"https:\/\/api.w.org\/{rel}","templated":true}]}}